{"id":547,"date":"2017-12-13T11:06:32","date_gmt":"2017-12-13T10:06:32","guid":{"rendered":"https:\/\/www.prefektidurres.gov.al\/?p=547"},"modified":"2017-12-17T21:43:10","modified_gmt":"2017-12-17T20:43:10","slug":"komisioni-i-planifikimit-dhe-perballimit-te-emergjencave-civile-dhe-krizave-ne-qark","status":"publish","type":"post","link":"https:\/\/www.prefektidurres.gov.al\/index.php\/2017\/12\/13\/komisioni-i-planifikimit-dhe-perballimit-te-emergjencave-civile-dhe-krizave-ne-qark\/","title":{"rendered":"Komisioni i Planifikimit dhe Perballimit te Emergjencave Civile dhe Krizave ne Qark"},"content":{"rendered":"<p>Prezantim per gjendjen e permbytjeve ne Qarkun Durres (Faza e 1- re)<\/p>\n<p>Sot m\u00eb dat\u00eb 05.12.2017 Komisioni i Planifikimit dhe P\u00ebrballimit t\u00eb Emergjencave Civile, me n\u00eb krye Prefektin e Qarkut Durr\u00ebs Roland Nasto, ka prezantuar gjendjen aktuale t\u00eb p\u00ebrmbytjeve n\u00eb Qarkun Durr\u00ebs. N\u00eb k\u00ebt\u00eb prezantim u fol kryesisht p\u00ebr analiz\u00ebn para dhe pas p\u00ebrmbytjes si dhe p\u00ebr organizimin e marrjes s\u00eb masave p\u00ebr dh\u00ebnien e ndihmave.<\/p>\n<p><img fetchpriority=\"high\" decoding=\"async\" class=\"alignnone size-full wp-image-548\" src=\"https:\/\/www.prefektidurres.gov.al\/wp-content\/uploads\/2017\/12\/WhatsApp-Image-2017-12-11-at-4.08.32-PM.jpeg\" alt=\"\" width=\"1280\" height=\"720\" srcset=\"https:\/\/www.prefektidurres.gov.al\/wp-content\/uploads\/2017\/12\/WhatsApp-Image-2017-12-11-at-4.08.32-PM.jpeg 1280w, https:\/\/www.prefektidurres.gov.al\/wp-content\/uploads\/2017\/12\/WhatsApp-Image-2017-12-11-at-4.08.32-PM-300x169.jpeg 300w, https:\/\/www.prefektidurres.gov.al\/wp-content\/uploads\/2017\/12\/WhatsApp-Image-2017-12-11-at-4.08.32-PM-768x432.jpeg 768w, https:\/\/www.prefektidurres.gov.al\/wp-content\/uploads\/2017\/12\/WhatsApp-Image-2017-12-11-at-4.08.32-PM-1024x576.jpeg 1024w\" sizes=\"(max-width: 1280px) 100vw, 1280px\" \/><\/p>\n<p><img decoding=\"async\" class=\"alignnone size-full wp-image-549\" src=\"https:\/\/www.prefektidurres.gov.al\/wp-content\/uploads\/2017\/12\/WhatsApp-Image-2017-12-11-at-4.08.33-PM-1.jpeg\" alt=\"\" width=\"1280\" height=\"720\" srcset=\"https:\/\/www.prefektidurres.gov.al\/wp-content\/uploads\/2017\/12\/WhatsApp-Image-2017-12-11-at-4.08.33-PM-1.jpeg 1280w, https:\/\/www.prefektidurres.gov.al\/wp-content\/uploads\/2017\/12\/WhatsApp-Image-2017-12-11-at-4.08.33-PM-1-300x169.jpeg 300w, https:\/\/www.prefektidurres.gov.al\/wp-content\/uploads\/2017\/12\/WhatsApp-Image-2017-12-11-at-4.08.33-PM-1-768x432.jpeg 768w, https:\/\/www.prefektidurres.gov.al\/wp-content\/uploads\/2017\/12\/WhatsApp-Image-2017-12-11-at-4.08.33-PM-1-1024x576.jpeg 1024w\" sizes=\"(max-width: 1280px) 100vw, 1280px\" \/><img decoding=\"async\" class=\"alignnone size-full wp-image-550\" src=\"https:\/\/www.prefektidurres.gov.al\/wp-content\/uploads\/2017\/12\/WhatsApp-Image-2017-12-11-at-4.08.33-PM.jpeg\" alt=\"\" width=\"1280\" height=\"720\" srcset=\"https:\/\/www.prefektidurres.gov.al\/wp-content\/uploads\/2017\/12\/WhatsApp-Image-2017-12-11-at-4.08.33-PM.jpeg 1280w, https:\/\/www.prefektidurres.gov.al\/wp-content\/uploads\/2017\/12\/WhatsApp-Image-2017-12-11-at-4.08.33-PM-300x169.jpeg 300w, https:\/\/www.prefektidurres.gov.al\/wp-content\/uploads\/2017\/12\/WhatsApp-Image-2017-12-11-at-4.08.33-PM-768x432.jpeg 768w, https:\/\/www.prefektidurres.gov.al\/wp-content\/uploads\/2017\/12\/WhatsApp-Image-2017-12-11-at-4.08.33-PM-1024x576.jpeg 1024w\" sizes=\"(max-width: 1280px) 100vw, 1280px\" \/><img loading=\"lazy\" decoding=\"async\" class=\"alignnone size-full wp-image-551\" src=\"https:\/\/www.prefektidurres.gov.al\/wp-content\/uploads\/2017\/12\/WhatsApp-Image-2017-12-11-at-4.08.32-PM-1.jpeg\" alt=\"\" width=\"1280\" height=\"720\" srcset=\"https:\/\/www.prefektidurres.gov.al\/wp-content\/uploads\/2017\/12\/WhatsApp-Image-2017-12-11-at-4.08.32-PM-1.jpeg 1280w, https:\/\/www.prefektidurres.gov.al\/wp-content\/uploads\/2017\/12\/WhatsApp-Image-2017-12-11-at-4.08.32-PM-1-300x169.jpeg 300w, https:\/\/www.prefektidurres.gov.al\/wp-content\/uploads\/2017\/12\/WhatsApp-Image-2017-12-11-at-4.08.32-PM-1-768x432.jpeg 768w, https:\/\/www.prefektidurres.gov.al\/wp-content\/uploads\/2017\/12\/WhatsApp-Image-2017-12-11-at-4.08.32-PM-1-1024x576.jpeg 1024w\" sizes=\"(max-width: 1280px) 100vw, 1280px\" \/><\/p>\n<p>&nbsp;<\/p>\n","protected":false},"excerpt":{"rendered":"<p>Prezantim per gjendjen e permbytjeve ne Qarkun Durres (Faza e 1- re) Sot m\u00eb dat\u00eb 05.12.2017 Komisioni i Planifikimit dhe P\u00ebrballimit t\u00eb Emergjencave Civile, me n\u00eb krye Prefektin e Qarkut Durr\u00ebs Roland Nasto, ka prezantuar gjendjen aktuale t\u00eb p\u00ebrmbytjeve n\u00eb Qarkun Durr\u00ebs. N\u00eb k\u00ebt\u00eb prezantim u fol kryesisht p\u00ebr analiz\u00ebn para dhe pas p\u00ebrmbytjes si&#8230;<\/p>\n","protected":false},"author":1,"featured_media":550,"comment_status":"open","ping_status":"open","sticky":false,"template":"","format":"aside","meta":{"footnotes":""},"categories":[45],"tags":[],"class_list":["post-547","post","type-post","status-publish","format-aside","has-post-thumbnail","hentry","category-aktivitete","post_format-post-format-aside"],"aioseo_notices":[],"_links":{"self":[{"href":"https:\/\/www.prefektidurres.gov.al\/index.php\/wp-json\/wp\/v2\/posts\/547","targetHints":{"allow":["GET"]}}],"collection":[{"href":"https:\/\/www.prefektidurres.gov.al\/index.php\/wp-json\/wp\/v2\/posts"}],"about":[{"href":"https:\/\/www.prefektidurres.gov.al\/index.php\/wp-json\/wp\/v2\/types\/post"}],"author":[{"embeddable":true,"href":"https:\/\/www.prefektidurres.gov.al\/index.php\/wp-json\/wp\/v2\/users\/1"}],"replies":[{"embeddable":true,"href":"https:\/\/www.prefektidurres.gov.al\/index.php\/wp-json\/wp\/v2\/comments?post=547"}],"version-history":[{"count":5,"href":"https:\/\/www.prefektidurres.gov.al\/index.php\/wp-json\/wp\/v2\/posts\/547\/revisions"}],"predecessor-version":[{"id":826,"href":"https:\/\/www.prefektidurres.gov.al\/index.php\/wp-json\/wp\/v2\/posts\/547\/revisions\/826"}],"wp:featuredmedia":[{"embeddable":true,"href":"https:\/\/www.prefektidurres.gov.al\/index.php\/wp-json\/wp\/v2\/media\/550"}],"wp:attachment":[{"href":"https:\/\/www.prefektidurres.gov.al\/index.php\/wp-json\/wp\/v2\/media?parent=547"}],"wp:term":[{"taxonomy":"category","embeddable":true,"href":"https:\/\/www.prefektidurres.gov.al\/index.php\/wp-json\/wp\/v2\/categories?post=547"},{"taxonomy":"post_tag","embeddable":true,"href":"https:\/\/www.prefektidurres.gov.al\/index.php\/wp-json\/wp\/v2\/tags?post=547"}],"curies":[{"name":"wp","href":"https:\/\/api.w.org\/{rel}","templated":true}]}}