{"id":363,"date":"2017-12-07T10:56:04","date_gmt":"2017-12-07T09:56:04","guid":{"rendered":"https:\/\/www.prefektidurres.gov.al\/?p=363"},"modified":"2017-12-15T14:00:35","modified_gmt":"2017-12-15T13:00:35","slug":"muaji-i-luftes-kunder-trafikimit-te-personave","status":"publish","type":"post","link":"https:\/\/www.prefektidurres.gov.al\/index.php\/2017\/12\/07\/muaji-i-luftes-kunder-trafikimit-te-personave\/","title":{"rendered":"Muaji i luft\u00ebs kund\u00ebr Trafikimit t\u00eb Personave"},"content":{"rendered":"<div class=\"vc_row wpb_row vc_row-fluid\"><div class=\"wpb_column vc_column_container vc_col-sm-8\"><div class=\"vc_column-inner \"><div class=\"wpb_wrapper\">\n\t<div class=\"wpb_text_column wpb_content_element \" >\n\t\t<div class=\"wpb_wrapper\">\n\t\t\t<p>[metaslider id=349]<\/p>\n<p>N\u00eb kuad\u00ebr t\u00eb muajit t\u00eb Luft\u00ebs kund\u00ebr Trafikimit t\u00eb Personave, zv\/ministri i Brendsh\u00ebm\/Koordinatori Komb\u00ebtar p\u00ebr \u00c7\u00ebshtje t\u00eb Luft\u00ebs kund\u00ebr Trafikimit t\u00eb Personave n\u00eb bashk\u00ebpunim me Organizat\u00ebn Nd\u00ebrkomb\u00ebtare p\u00ebr Migracionin (IOM), dhe n\u00ebn kujdesin e Prefektit te qarkut z.Emiljan Jani zhvilluan nj\u00eb takim me an\u00ebtar\u00ebt e Komitetit Rajonal Antitrafik dhe t\u00eb Tryez\u00ebs Teknike, si dhe aktor\u00eb t\u00eb tjer\u00eb antitrafik t\u00eb qarkut ton\u00eb , me tem\u00eb \u201cTakim informues p\u00ebr sensibilizimin, nd\u00ebrgjegj\u00ebsi<span class=\"text_exposed_show\">min dhe koordinimin e aktiviteteve gjat\u00eb Fushat\u00ebs Komb\u00ebtare Antitrafik&#8221;<br \/>\nMor\u00ebn pjes\u00eb zv\/ministri i brenshshem dhe KKA zj. Rovena Voda, p\u00ebrfaq\u00ebsues t\u00eb IOM , antar\u00ebt e KRAT dhe Tryez\u00ebs Teknike dhe p\u00ebrfaq\u00ebsues nga OJF n\u00eb qark. N\u00eb fjal\u00ebn e tij Prefekti I qarkut z.Jani duke ju referuar urdh\u00ebrit t\u00eb ri t\u00eb Kryeministrit nr 6 dat\u00eb 26\/1\/2017 dhe rregullores p\u00ebr funksionimin e KRAT-it,vuri n\u00eb dukje r\u00ebnd\u00ebsin\u00eb e Strategjis\u00eb p\u00ebr Trafikimin e Personave si dhe t\u00eb aktiviteteve sensibilizuese dhe nd\u00ebrgjegj\u00ebsuese q\u00eb po zhvillohen n\u00eb qarkun ton\u00eb k\u00ebt\u00eb muaj.<br \/>\nKKA zj.Rovena Voda n\u00eb fjal\u00ebn e saj falenderoi pun\u00ebn e mir\u00eb q\u00eb \u00ebsht\u00eb b\u00ebr\u00eb nga KRAT Durr\u00ebs gjat\u00eb k\u00ebtyre viteve si nj\u00eb nga qarqet me rezultate pozitive n\u00eb luft\u00ebn p\u00ebr trafikimin, duke theksuar s\u00eb \u00e7el\u00ebsi i suksesit t\u00eb k\u00ebsaj strategjie q\u00ebndron n\u00eb bashkrendimin dhe koordinimin e pun\u00ebs midis t\u00eb gjith\u00eb aktor\u00ebve pjesmarr\u00ebs.<br \/>\nN\u00eb pjes\u00ebn e dyt\u00eb t\u00eb k\u00ebtij takimi u zhvillua nj\u00eb \u00eborkshop ku u diskutua rreth identifikimit t\u00eb viktimave t\u00eb trafikimit, migracionit t\u00eb parregullt, rolit t\u00eb shkoll\u00ebs n\u00eb parandalimin e trafikimit dhe t\u00eb migracionit t\u00eb parregullt, etj.<br \/>\nAktivitetet sensibilizuese do t\u00eb vazhdojn\u00eb gjat\u00eb gjith\u00eb muajit tetor.<\/span><\/p>\n\n\t\t<\/div>\n\t<\/div>\n<\/div><\/div><\/div><div class=\"wpb_column vc_column_container vc_col-sm-4\"><div class=\"vc_column-inner \"><div class=\"wpb_wrapper\"><div  class=\"vc_wp_calendar wpb_content_element\"><div class=\"widget widget_calendar\"><div id=\"calendar_wrap\" class=\"calendar_wrap\"><table id=\"wp-calendar\" class=\"wp-calendar-table\">\n\t<caption>April 2026<\/caption>\n\t<thead>\n\t<tr>\n\t\t<th scope=\"col\" aria-label=\"Monday\">M<\/th>\n\t\t<th scope=\"col\" aria-label=\"Tuesday\">T<\/th>\n\t\t<th scope=\"col\" aria-label=\"Wednesday\">W<\/th>\n\t\t<th scope=\"col\" aria-label=\"Thursday\">T<\/th>\n\t\t<th scope=\"col\" aria-label=\"Friday\">F<\/th>\n\t\t<th scope=\"col\" aria-label=\"Saturday\">S<\/th>\n\t\t<th scope=\"col\" aria-label=\"Sunday\">S<\/th>\n\t<\/tr>\n\t<\/thead>\n\t<tbody>\n\t<tr>\n\t\t<td colspan=\"2\" class=\"pad\">&nbsp;<\/td><td>1<\/td><td>2<\/td><td>3<\/td><td>4<\/td><td>5<\/td>\n\t<\/tr>\n\t<tr>\n\t\t<td>6<\/td><td>7<\/td><td>8<\/td><td>9<\/td><td>10<\/td><td>11<\/td><td>12<\/td>\n\t<\/tr>\n\t<tr>\n\t\t<td>13<\/td><td>14<\/td><td>15<\/td><td>16<\/td><td>17<\/td><td>18<\/td><td>19<\/td>\n\t<\/tr>\n\t<tr>\n\t\t<td>20<\/td><td>21<\/td><td>22<\/td><td>23<\/td><td>24<\/td><td>25<\/td><td>26<\/td>\n\t<\/tr>\n\t<tr>\n\t\t<td>27<\/td><td>28<\/td><td>29<\/td><td id=\"today\">30<\/td>\n\t\t<td class=\"pad\" colspan=\"3\">&nbsp;<\/td>\n\t<\/tr>\n\t<\/tbody>\n\t<\/table><nav aria-label=\"Previous and next months\" class=\"wp-calendar-nav\">\n\t\t<span class=\"wp-calendar-nav-prev\"><a href=\"https:\/\/www.prefektidurres.gov.al\/index.php\/2026\/03\/\">&laquo; Mar<\/a><\/span>\n\t\t<span class=\"pad\">&nbsp;<\/span>\n\t\t<span class=\"wp-calendar-nav-next\">&nbsp;<\/span>\n\t<\/nav><\/div><\/div><\/div><\/div><\/div><\/div><\/div>\n","protected":false},"excerpt":{"rendered":"<p>[metaslider id=349] N\u00eb kuad\u00ebr t\u00eb muajit t\u00eb Luft\u00ebs kund\u00ebr Trafikimit t\u00eb Personave, zv\/ministri i Brendsh\u00ebm\/Koordinatori Komb\u00ebtar p\u00ebr \u00c7\u00ebshtje t\u00eb Luft\u00ebs kund\u00ebr Trafikimit t\u00eb Personave n\u00eb bashk\u00ebpunim me Organizat\u00ebn Nd\u00ebrkomb\u00ebtare p\u00ebr Migracionin (IOM), dhe n\u00ebn kujdesin e Prefektit te qarkut z.Emiljan Jani zhvilluan nj\u00eb takim me an\u00ebtar\u00ebt e Komitetit Rajonal Antitrafik dhe t\u00eb Tryez\u00ebs Teknike, si...<\/p>\n","protected":false},"author":1,"featured_media":366,"comment_status":"open","ping_status":"open","sticky":false,"template":"","format":"standard","meta":{"footnotes":""},"categories":[45],"tags":[],"class_list":["post-363","post","type-post","status-publish","format-standard","has-post-thumbnail","hentry","category-aktivitete"],"aioseo_notices":[],"_links":{"self":[{"href":"https:\/\/www.prefektidurres.gov.al\/index.php\/wp-json\/wp\/v2\/posts\/363","targetHints":{"allow":["GET"]}}],"collection":[{"href":"https:\/\/www.prefektidurres.gov.al\/index.php\/wp-json\/wp\/v2\/posts"}],"about":[{"href":"https:\/\/www.prefektidurres.gov.al\/index.php\/wp-json\/wp\/v2\/types\/post"}],"author":[{"embeddable":true,"href":"https:\/\/www.prefektidurres.gov.al\/index.php\/wp-json\/wp\/v2\/users\/1"}],"replies":[{"embeddable":true,"href":"https:\/\/www.prefektidurres.gov.al\/index.php\/wp-json\/wp\/v2\/comments?post=363"}],"version-history":[{"count":8,"href":"https:\/\/www.prefektidurres.gov.al\/index.php\/wp-json\/wp\/v2\/posts\/363\/revisions"}],"predecessor-version":[{"id":381,"href":"https:\/\/www.prefektidurres.gov.al\/index.php\/wp-json\/wp\/v2\/posts\/363\/revisions\/381"}],"wp:featuredmedia":[{"embeddable":true,"href":"https:\/\/www.prefektidurres.gov.al\/index.php\/wp-json\/wp\/v2\/media\/366"}],"wp:attachment":[{"href":"https:\/\/www.prefektidurres.gov.al\/index.php\/wp-json\/wp\/v2\/media?parent=363"}],"wp:term":[{"taxonomy":"category","embeddable":true,"href":"https:\/\/www.prefektidurres.gov.al\/index.php\/wp-json\/wp\/v2\/categories?post=363"},{"taxonomy":"post_tag","embeddable":true,"href":"https:\/\/www.prefektidurres.gov.al\/index.php\/wp-json\/wp\/v2\/tags?post=363"}],"curies":[{"name":"wp","href":"https:\/\/api.w.org\/{rel}","templated":true}]}}