{"id":3380,"date":"2025-03-13T12:51:37","date_gmt":"2025-03-13T11:51:37","guid":{"rendered":"https:\/\/www.prefektidurres.gov.al\/?p=3380"},"modified":"2025-04-16T12:53:35","modified_gmt":"2025-04-16T10:53:35","slug":"takim-i-task-forces-vendore-anti-kanabis","status":"publish","type":"post","link":"https:\/\/www.prefektidurres.gov.al\/index.php\/2025\/03\/13\/takim-i-task-forces-vendore-anti-kanabis\/","title":{"rendered":"Takim i Task-Forc\u00ebs Vendore Anti-Kanabis"},"content":{"rendered":"\n<p>Sot, m\u00eb dat\u00eb 13.03.2025 n\u00eb drejtimin e Prefektit t\u00eb Qarkut Durr\u00ebs Z.Emiljan Jani u zhvillua takimi i Task-Forc\u00ebs Vendore Anti-Kanabis, n\u00eb kuad\u00ebr t\u00eb intensifikimit t\u00eb <a><\/a>masave dhe zbatimit t\u00eb detyrimeve t\u00eb p\u00ebrcaktuara n\u00eb Strategjin\u00eb Kund\u00ebr Krimit t\u00eb Organizuar dhe Krimeve t\u00eb R\u00ebnda 2021-2025, Plan &#8211; Veprimit Vendor p\u00ebr parandalimin dhe goditjen e veprimtaris\u00eb kriminale t\u00eb kultivimit t\u00eb bim\u00ebve narkotike.<\/p>\n\n\n\n<p>N\u00eb k\u00ebt\u00eb takim ishin t\u00eb pranish\u00ebm: Zv\/Kryetari i Bashkis\u00eb Durr\u00ebs Z.Renis Mullaj, Drejtor i Kufirit dhe Migracionit Z.Ermal Lila, Shefi i Krimeve n\u00eb Volum n\u00eb DVP Durr\u00ebs Z.Arian Doda, Shef i Rendit n\u00eb Komisariatin e Policis\u00eb Durr\u00ebs Z.Ervin Kibja, Prokuror t\u00eb Rrethit Gjyq\u00ebsor Durr\u00ebs, p\u00ebrfaqesues nga Drejtoria e Dogan\u00ebs Durr\u00ebs,p\u00ebrfaq\u00ebsues nga Policia Bashkiake si dhe t\u00eb gjith\u00eb an\u00ebtar\u00ebt e Task-Forc\u00ebs Vendore t\u00eb cil\u00ebt kan\u00eb p\u00ebrgjegj\u00ebsi n\u00eb monitorimin dhe kontrollin e territorit t\u00eb Qarkut Durr\u00ebs.<\/p>\n\n\n\n<p>Takimi u drejtua nga Prefekti i Qarkut Durr\u00ebs Z.Emiljan Jani dhe kishte si q\u00ebllim intensifikimin e masave, bashk\u00ebrendimin e veprimtaris\u00eb s\u00eb Institucioneve Shtet\u00ebrore ligjzbatuese, Deg\u00ebve Territoriale dhe Nj\u00ebsive t\u00eb Vetqeverisjes Vendore n\u00eb kuad\u00ebr t\u00eb luft\u00ebs kund\u00ebr kultivimit e trafikimit t\u00eb bim\u00ebve Canabis \u2013 Sativa.<\/p>\n\n\n\n<p>Prefekti n\u00eb k\u00ebt\u00eb takim insistoi n\u00eb p\u00ebrmbushjen e disa prioriteteve kryesore t\u00eb cilat jan\u00eb:- Kontrolli Periodik i territorit dhe identifikimi n\u00eb fazat e hershme t\u00eb kultivimit t\u00eb bim\u00ebve \u2013 Nd\u00ebrgjegj\u00ebsimi dhe krijimin e mund\u00ebsive praktike p\u00ebr sigurimin e informacionit \u2013 Forcimi i bashk\u00ebpunimit me An\u00ebtaret e Task-Forc\u00ebs- Bashk\u00ebpunimi i ngusht\u00eb me Drejtorin\u00eb Vendore t\u00eb Policis\u00eb s\u00eb Qarkut dhe organet ligjzbatuese.<\/p>\n\n\n\n<p>Task-Forca Vendore Anti Kanabis e thirrur n\u00eb takimin e sot\u00ebm, analizoi pun\u00ebn dhe rezultatet e k\u00ebsaj strukture, si dhe diskutoi rreth metodave t\u00eb pun\u00ebs n\u00eb vijim p\u00ebr t\u2019ju p\u00ebrgjigjur m\u00ebnyrave t\u00eb reja t\u00eb sofistikuara t\u00eb kultivimit t\u00eb l\u00ebnd\u00ebve narkotike. Nga diskutimet e an\u00ebtar\u00ebve t\u00eb k\u00ebsaj task-force u evidentua nevoja e zgjerimit t\u00eb frontit n\u00eb p\u00ebrballjen me k\u00ebt\u00eb veprimtari t\u00eb paligjshme duke p\u00ebrfshir\u00eb p\u00ebrve\u00e7 strukturave shtet\u00ebrore edhe organizatat e shoq\u00ebris\u00eb civile, median dhe qytetar\u00ebt n\u00eb rolin e sensibilizuesit apo denoncuesit.<\/p>\n","protected":false},"excerpt":{"rendered":"<p>Sot, m\u00eb dat\u00eb 13.03.2025 n\u00eb drejtimin e Prefektit t\u00eb Qarkut Durr\u00ebs Z.Emiljan Jani u zhvillua takimi i Task-Forc\u00ebs Vendore Anti-Kanabis, n\u00eb kuad\u00ebr t\u00eb intensifikimit t\u00eb masave dhe zbatimit t\u00eb detyrimeve t\u00eb p\u00ebrcaktuara n\u00eb Strategjin\u00eb Kund\u00ebr Krimit t\u00eb Organizuar dhe Krimeve t\u00eb R\u00ebnda 2021-2025, Plan &#8211; Veprimit Vendor p\u00ebr parandalimin dhe goditjen e veprimtaris\u00eb kriminale t\u00eb&#8230;<\/p>\n","protected":false},"author":2,"featured_media":3381,"comment_status":"open","ping_status":"open","sticky":false,"template":"","format":"standard","meta":{"footnotes":""},"categories":[45],"tags":[],"class_list":["post-3380","post","type-post","status-publish","format-standard","has-post-thumbnail","hentry","category-aktivitete"],"aioseo_notices":[],"_links":{"self":[{"href":"https:\/\/www.prefektidurres.gov.al\/index.php\/wp-json\/wp\/v2\/posts\/3380","targetHints":{"allow":["GET"]}}],"collection":[{"href":"https:\/\/www.prefektidurres.gov.al\/index.php\/wp-json\/wp\/v2\/posts"}],"about":[{"href":"https:\/\/www.prefektidurres.gov.al\/index.php\/wp-json\/wp\/v2\/types\/post"}],"author":[{"embeddable":true,"href":"https:\/\/www.prefektidurres.gov.al\/index.php\/wp-json\/wp\/v2\/users\/2"}],"replies":[{"embeddable":true,"href":"https:\/\/www.prefektidurres.gov.al\/index.php\/wp-json\/wp\/v2\/comments?post=3380"}],"version-history":[{"count":1,"href":"https:\/\/www.prefektidurres.gov.al\/index.php\/wp-json\/wp\/v2\/posts\/3380\/revisions"}],"predecessor-version":[{"id":3382,"href":"https:\/\/www.prefektidurres.gov.al\/index.php\/wp-json\/wp\/v2\/posts\/3380\/revisions\/3382"}],"wp:featuredmedia":[{"embeddable":true,"href":"https:\/\/www.prefektidurres.gov.al\/index.php\/wp-json\/wp\/v2\/media\/3381"}],"wp:attachment":[{"href":"https:\/\/www.prefektidurres.gov.al\/index.php\/wp-json\/wp\/v2\/media?parent=3380"}],"wp:term":[{"taxonomy":"category","embeddable":true,"href":"https:\/\/www.prefektidurres.gov.al\/index.php\/wp-json\/wp\/v2\/categories?post=3380"},{"taxonomy":"post_tag","embeddable":true,"href":"https:\/\/www.prefektidurres.gov.al\/index.php\/wp-json\/wp\/v2\/tags?post=3380"}],"curies":[{"name":"wp","href":"https:\/\/api.w.org\/{rel}","templated":true}]}}