{"id":3351,"date":"2024-12-20T13:59:22","date_gmt":"2024-12-20T12:59:22","guid":{"rendered":"https:\/\/www.prefektidurres.gov.al\/?p=3351"},"modified":"2025-04-16T12:11:24","modified_gmt":"2025-04-16T10:11:24","slug":"takim-mbi-mbarvajtjen-e-festave-te-fundvitit-dhe-fillimit-te-vitit-te-ri-2025","status":"publish","type":"post","link":"https:\/\/www.prefektidurres.gov.al\/index.php\/2024\/12\/20\/takim-mbi-mbarvajtjen-e-festave-te-fundvitit-dhe-fillimit-te-vitit-te-ri-2025\/","title":{"rendered":"Takim mbi mbarvajtjen e festave t\u00eb fundvitit dhe fillimin e Vitit t\u00eb Ri 2025."},"content":{"rendered":"\n<p>Prefekti i Qarkut Durr\u00ebs Z.Emiljan Jani organizoi sot nj\u00eb takim ku ishin t\u00eb pranish\u00ebm p\u00ebrfaq\u00ebsues t\u00eb Institucioneve t\u00eb administrat\u00ebs shtet\u00ebrore q\u00ebndrore dhe vendore q\u00eb <a><\/a>ofrojn\u00eb sh\u00ebrbime ndaj komunitetit n\u00eb lidhje me masat e marra si dhe planet e veprimit t\u00eb hartuara nga ana e tyre mbi mbarvajtjen e festave t\u00eb fundvitit dhe fillimit t\u00eb Vitit t\u00eb Ri 2025.<\/p>\n\n\n\n<p>N\u00eb k\u00ebt\u00eb takim ishin t\u00eb pranish\u00ebm: Drejtori i Spitalit Rajonal Durr\u00ebs z.Ani Dyrmishi, Drejtori Policis\u00eb Bashkiake Durr\u00ebs z.Vasip \u00c7opa, Shefi i Komisariatit Policis\u00eb Durr\u00ebs z.Gerald Agalliu, Shefi i Komisariatit Policis\u00eb Shijak z.Ilia Mu\u00e7a, Krye\\Inspektor i Policis\u00eb Bashkiake Shijak z.Nezir Ke\u00e7i, p\u00ebrfaq\u00ebsues nga Inspektoriati Shtet\u00ebror Sh\u00ebndet\u00ebsor z.Klejdi Ndoni si dhe p\u00ebrfaq\u00ebsuese nga AKU.<\/p>\n\n\n\n<p>N\u00eb fjal\u00ebn e tij Prefekti theksoj faktin se ndodhemi p\u00ebrpara festave t\u00eb fundvitit, \u00e7do Institucion duhet t\u00eb hartoj planet e masave sipas fushave t\u00eb tyre t\u00eb p\u00ebrgjegj\u00ebsis\u00eb ku t\u00eb jen\u00eb p\u00ebrcaktuar qart\u00eb objektivat dhe detyrimet n\u00ebp\u00ebrmjet t\u00eb cilave t\u00eb synohet rritja e rendit dhe siguris\u00eb publike dhe ofrimi i sh\u00ebrbimeve sa m\u00eb t\u00eb plota ndaj komunitetit. Nisur edhe nga pervoja e viteve t\u00eb kaluara, apo e ngjarjeve t\u00eb ndodhura, Prefekti vleresoj t\u00eb domosdoshme marrjen e disa masave shtese, si dhe kalimin e t\u00eb gjithe strukturave t\u00eb Policise se Shtetit, Policive Bashkiake, Policise Kufitare de Migracionit, AKU-s dhe ISHSH-s n\u00eb gatishmeri dhe sh\u00ebrbimi t\u00eb p\u00ebrforcuar.<\/p>\n\n\n\n<p>N\u00eb m\u00ebnyr\u00eb t\u00eb ve\u00e7ant\u00eb, u k\u00ebrkua gadishm\u00ebri e plot\u00eb me q\u00ebllim sigurimin e rendit dhe qet\u00ebsis\u00eb dhe parandalimin e veprave kriminale, gjithashtu u k\u00ebrkua v\u00ebmendje dhe monitorim n\u00eb akseve rrugore p\u00ebr nj\u00eb qarkullim sa m\u00eb normal t\u00eb automjeteve, krijimi i lehtesirave ligjore ne pikat e kalimit t\u00eb kontrollit kufitar si dhe kontrolli dhe mbikqyrja e t\u00eb githa mallrave t\u00eb konsumit.<\/p>\n\n\n\n<p>Bashk\u00ebpunimi mes institucioneve t\u00eb pranishme e ve\u00e7anarisht midis Policis\u00eb s\u00eb Shtetit dhe Policive Bashkiake \u00ebsht\u00eb thelb\u00ebsor p\u00ebr p\u00ebr mbajtjen ne kontroll te situat\u00ebs se siguris\u00eb, me q\u00ebllim bashk\u00ebrendimin dhe koordinimin e masave p\u00ebr parandalimin e hedhjes n\u00eb treg t\u00eb l\u00ebnd\u00ebve piroteknike dhe fishekzjarr\u00ebve dhe p\u00ebrdorimin civil, q\u00eb rrezikojn\u00eb sigurin\u00eb publike, jet\u00ebn dhe sh\u00ebndetin e qytetareve.<\/p>\n\n\n\n<p>Institucioni i Prefektit t\u00eb Qarkut Durr\u00ebs n\u00ebp\u00ebrmjet k\u00ebtyre masave synon, q\u00eb Festa e Krishtlindjes dhe e Vitit t\u00eb Ri t\u00eb kalojn\u00eb n\u00eb m\u00ebnyr\u00eb sa m\u00eb festive dhe t\u00eb mos veniten nga episode t\u00eb mundshme paligjshm\u00ebrie.<\/p>\n","protected":false},"excerpt":{"rendered":"<p>Prefekti i Qarkut Durr\u00ebs Z.Emiljan Jani organizoi sot nj\u00eb takim ku ishin t\u00eb pranish\u00ebm p\u00ebrfaq\u00ebsues t\u00eb Institucioneve t\u00eb administrat\u00ebs shtet\u00ebrore q\u00ebndrore dhe vendore q\u00eb ofrojn\u00eb sh\u00ebrbime ndaj komunitetit n\u00eb lidhje me masat e marra si dhe planet e veprimit t\u00eb hartuara nga ana e tyre mbi mbarvajtjen e festave t\u00eb fundvitit dhe fillimit t\u00eb Vitit&#8230;<\/p>\n","protected":false},"author":2,"featured_media":3352,"comment_status":"open","ping_status":"open","sticky":false,"template":"","format":"standard","meta":{"footnotes":""},"categories":[45],"tags":[],"class_list":["post-3351","post","type-post","status-publish","format-standard","has-post-thumbnail","hentry","category-aktivitete"],"aioseo_notices":[],"_links":{"self":[{"href":"https:\/\/www.prefektidurres.gov.al\/index.php\/wp-json\/wp\/v2\/posts\/3351","targetHints":{"allow":["GET"]}}],"collection":[{"href":"https:\/\/www.prefektidurres.gov.al\/index.php\/wp-json\/wp\/v2\/posts"}],"about":[{"href":"https:\/\/www.prefektidurres.gov.al\/index.php\/wp-json\/wp\/v2\/types\/post"}],"author":[{"embeddable":true,"href":"https:\/\/www.prefektidurres.gov.al\/index.php\/wp-json\/wp\/v2\/users\/2"}],"replies":[{"embeddable":true,"href":"https:\/\/www.prefektidurres.gov.al\/index.php\/wp-json\/wp\/v2\/comments?post=3351"}],"version-history":[{"count":2,"href":"https:\/\/www.prefektidurres.gov.al\/index.php\/wp-json\/wp\/v2\/posts\/3351\/revisions"}],"predecessor-version":[{"id":3354,"href":"https:\/\/www.prefektidurres.gov.al\/index.php\/wp-json\/wp\/v2\/posts\/3351\/revisions\/3354"}],"wp:featuredmedia":[{"embeddable":true,"href":"https:\/\/www.prefektidurres.gov.al\/index.php\/wp-json\/wp\/v2\/media\/3352"}],"wp:attachment":[{"href":"https:\/\/www.prefektidurres.gov.al\/index.php\/wp-json\/wp\/v2\/media?parent=3351"}],"wp:term":[{"taxonomy":"category","embeddable":true,"href":"https:\/\/www.prefektidurres.gov.al\/index.php\/wp-json\/wp\/v2\/categories?post=3351"},{"taxonomy":"post_tag","embeddable":true,"href":"https:\/\/www.prefektidurres.gov.al\/index.php\/wp-json\/wp\/v2\/tags?post=3351"}],"curies":[{"name":"wp","href":"https:\/\/api.w.org\/{rel}","templated":true}]}}