{"id":3207,"date":"2024-02-28T11:17:00","date_gmt":"2024-02-28T10:17:00","guid":{"rendered":"https:\/\/www.prefektidurres.gov.al\/?p=3207"},"modified":"2024-12-24T11:21:14","modified_gmt":"2024-12-24T10:21:14","slug":"takimi-i-task-forces-vendore-anti-kanabis-2","status":"publish","type":"post","link":"https:\/\/www.prefektidurres.gov.al\/index.php\/2024\/02\/28\/takimi-i-task-forces-vendore-anti-kanabis-2\/","title":{"rendered":"Takimi i Task-Forc\u00ebs Vendore Anti-Kanabis"},"content":{"rendered":"\n<p>Sot, m\u00eb dat\u00eb 28.02.2024 n\u00eb drejtimin e Prefektit t\u00eb Qarkut Durr\u00ebs Z.Emiljan Jani u zhvillua takimi i Task-Forc\u00ebs Vendore Anti-Kanabis, n\u00eb kuad\u00ebr t\u00eb intensifikimit t\u00eb masave dhe zbatimit t\u00eb detyrimeve t\u00eb p\u00ebrcaktuara n\u00eb Strategjin\u00eb Kund\u00ebr Krimit t\u00eb Organizuar dhe Krimeve t\u00eb R\u00ebnda 2021-2025, Plan &#8211; Veprimit Vendor p\u00ebr parandalimin dhe goditjen e veprimtaris\u00eb kriminale t\u00eb kultivimit t\u00eb bim\u00ebve narkotike.<\/p>\n\n\n\n<p>N\u00eb k\u00ebt\u00eb takim ishin t\u00eb pranish\u00ebm: Drejtori i Drejtoris\u00eb Vendore t\u00eb <a><\/a>Policis\u00eb Durr\u00ebs Drejtues i Par\u00eb Z.Sk\u00ebnder Hita, Drejtori i P\u00ebrgjithsh\u00ebm i Kufirit dhe Migracionit Drejtues i Lart\u00eb Z.Sajmir Boshnjaku, Zv\/ Kryetari i Bashkis\u00eb Durr\u00ebs Z. Gentjan Kallmi, Drejtori i Policis\u00eb Bashkiake Durr\u00ebs Z. Vasip \u00c7opa, Drejtori i AKU Z.Elton Varaku, Shefi i Policis\u00eb Ushtarake Z.Ilir Do\u00e7i, Drejtori i Drejtoris\u00eb s\u00eb Dogan\u00ebs Durr\u00ebs Z.Denis Shabani, Drejtori i Sh\u00ebrbimit Informativ Shtet\u00ebror Durr\u00ebs Z.Ismail Salliu, Prokuror\u00ebt e Rrethit Gjyq\u00ebsor Durr\u00ebs dhe Kruj\u00eb, Shefat e Komisariateve Durr\u00ebs, Shijak dhe t\u00eb gjith\u00eb an\u00ebtar\u00ebt e Task-Forc\u00ebs Vendore t\u00eb cil\u00ebt kan\u00eb p\u00ebrgjegj\u00ebsi n\u00eb monitorimin dhe kontrollin e territorit t\u00eb Qarkut Durr\u00ebs.<\/p>\n\n\n\n<p>Takimi u drejtua nga Prefekti i Qarkut Durr\u00ebs Z.Emiljan Jani dhe kishte si q\u00ebllim intensifikimin e masave, bashk\u00ebrendimin e veprimtaris\u00eb s\u00eb Institucioneve Shtet\u00ebrore ligjzbatuese, Deg\u00ebve Territoriale dhe Nj\u00ebsive t\u00eb vetqeverisjes vendore n\u00eb kuad\u00ebr t\u00eb luft\u00ebs kund\u00ebr kultivimit e trafikimit t\u00eb bim\u00ebve Canabis \u2013 Sativa.<\/p>\n\n\n\n<p>Prefekti i Qarkut b\u00ebri nj\u00eb p\u00ebrshkrim t\u00eb pun\u00ebs q\u00eb \u00ebsht\u00eb b\u00ebr\u00eb deri tani n\u00eb drejtim t\u00eb parandalimit, nd\u00ebrgjegj\u00ebsimit dhe kontrollit kund\u00ebr Kultivimit dhe Trafikimit t\u00eb Kanabisit, ku u k\u00ebrkoi t\u00eb gjith\u00eb an\u00ebtar\u00ebve t\u00eb Task Forc\u00ebs nj\u00eb rit\u00ebm t\u00eb lart\u00eb pune, nj\u00eb intensitet t\u00eb lart\u00eb kontrollesh n\u00eb terren duke shfryt\u00ebzuar t\u00eb gjith\u00eb sistemet e informacionit t\u00eb cilat do b\u00ebjn\u00eb t\u00eb mundur nj\u00eb kontroll t\u00eb plot\u00eb e nj\u00eb monitorim rigoroz t\u00eb territorit.<\/p>\n\n\n\n<p>N\u00eb p\u00ebrfundim Prefekti k\u00ebrkoi nga t\u00eb gjith\u00eb institucionet p\u00ebrmbushjen e detyrimit ligjor n\u00eb drejtim t\u00eb shk\u00ebmbimit t\u00eb informacioneve dhe kontrollit t\u00eb territorit duke ushtruar kompetencat ligjore, l\u00ebndore dhe territoriale n\u00eb ushtrimin e detyrave t\u00eb p\u00ebrcaktuara m\u00eb lart dhe sipas specifikimeve p\u00ebr p\u00ebrmbushjen me sukses t\u00eb k\u00ebtij prioriteti komb\u00ebtar kaq t\u00eb r\u00ebnd\u00ebsish\u00ebm.<\/p>\n","protected":false},"excerpt":{"rendered":"<p>Sot, m\u00eb dat\u00eb 28.02.2024 n\u00eb drejtimin e Prefektit t\u00eb Qarkut Durr\u00ebs Z.Emiljan Jani u zhvillua takimi i Task-Forc\u00ebs Vendore Anti-Kanabis, n\u00eb kuad\u00ebr t\u00eb intensifikimit t\u00eb masave dhe zbatimit t\u00eb detyrimeve t\u00eb p\u00ebrcaktuara n\u00eb Strategjin\u00eb Kund\u00ebr Krimit t\u00eb Organizuar dhe Krimeve t\u00eb R\u00ebnda 2021-2025, Plan &#8211; Veprimit Vendor p\u00ebr parandalimin dhe goditjen e veprimtaris\u00eb kriminale t\u00eb&#8230;<\/p>\n","protected":false},"author":2,"featured_media":3208,"comment_status":"open","ping_status":"open","sticky":false,"template":"","format":"standard","meta":{"footnotes":""},"categories":[45],"tags":[],"class_list":["post-3207","post","type-post","status-publish","format-standard","has-post-thumbnail","hentry","category-aktivitete"],"aioseo_notices":[],"_links":{"self":[{"href":"https:\/\/www.prefektidurres.gov.al\/index.php\/wp-json\/wp\/v2\/posts\/3207","targetHints":{"allow":["GET"]}}],"collection":[{"href":"https:\/\/www.prefektidurres.gov.al\/index.php\/wp-json\/wp\/v2\/posts"}],"about":[{"href":"https:\/\/www.prefektidurres.gov.al\/index.php\/wp-json\/wp\/v2\/types\/post"}],"author":[{"embeddable":true,"href":"https:\/\/www.prefektidurres.gov.al\/index.php\/wp-json\/wp\/v2\/users\/2"}],"replies":[{"embeddable":true,"href":"https:\/\/www.prefektidurres.gov.al\/index.php\/wp-json\/wp\/v2\/comments?post=3207"}],"version-history":[{"count":1,"href":"https:\/\/www.prefektidurres.gov.al\/index.php\/wp-json\/wp\/v2\/posts\/3207\/revisions"}],"predecessor-version":[{"id":3209,"href":"https:\/\/www.prefektidurres.gov.al\/index.php\/wp-json\/wp\/v2\/posts\/3207\/revisions\/3209"}],"wp:featuredmedia":[{"embeddable":true,"href":"https:\/\/www.prefektidurres.gov.al\/index.php\/wp-json\/wp\/v2\/media\/3208"}],"wp:attachment":[{"href":"https:\/\/www.prefektidurres.gov.al\/index.php\/wp-json\/wp\/v2\/media?parent=3207"}],"wp:term":[{"taxonomy":"category","embeddable":true,"href":"https:\/\/www.prefektidurres.gov.al\/index.php\/wp-json\/wp\/v2\/categories?post=3207"},{"taxonomy":"post_tag","embeddable":true,"href":"https:\/\/www.prefektidurres.gov.al\/index.php\/wp-json\/wp\/v2\/tags?post=3207"}],"curies":[{"name":"wp","href":"https:\/\/api.w.org\/{rel}","templated":true}]}}