{"id":3180,"date":"2024-01-24T11:25:00","date_gmt":"2024-01-24T10:25:00","guid":{"rendered":"https:\/\/www.prefektidurres.gov.al\/?p=3180"},"modified":"2024-10-08T11:30:19","modified_gmt":"2024-10-08T09:30:19","slug":"analiza-e-punes-se-institucionit-te-prefektit-te-qarkut-durres-per-vitin-2023","status":"publish","type":"post","link":"https:\/\/www.prefektidurres.gov.al\/index.php\/2024\/01\/24\/analiza-e-punes-se-institucionit-te-prefektit-te-qarkut-durres-per-vitin-2023\/","title":{"rendered":"Analiza e Pun\u00ebs s\u00eb Institucionit t\u00eb Prefektit t\u00eb Qarkut Durr\u00ebs p\u00ebr vitin 2023"},"content":{"rendered":"\n<p class=\"wp-block-paragraph\">Sot, m\u00eb dat\u00eb 24.01.2024, n\u00ebn drejtimin e Prefektit t\u00eb Qarkut Durr\u00ebs Z.Emiljan Jani u zhvillua Analiza e Pun\u00ebs s\u00eb Institucionit t\u00eb Prefektit t\u00eb Qarkut Durr\u00ebs p\u00ebr vitin 2023.<\/p>\n\n\n\n<p class=\"wp-block-paragraph\">N\u00eb k\u00ebt\u00eb analiz\u00eb mor\u00ebn pjes\u00eb: P\u00ebrgjegj\u00ebsia e Sektorit t\u00eb Koordinimit me Prefekturat dhe Emergjencat n\u00eb Ministrin\u00eb e Brendshme Znj.Lindita Mukaj, Specialist i Sektorit t\u00eb Koordinimit me Prefekturat dhe Emergjencat n\u00eb Ministrin\u00eb e Brendshme Z.Gazmend Vogli, N\u00ebn Prefekti Kruj\u00eb Z.Xhek Xheka.<\/p>\n\n\n\n<p class=\"wp-block-paragraph\">P\u00ebrmes prezantimit t\u00eb <a><\/a>materialit t\u00eb analiz\u00ebs vjetore u pasqyrua n\u00eb m\u00ebnyr\u00eb t\u00eb holl\u00ebsishme bazuar n\u00eb tregues konkret\u00eb puna dhe rezultatet e \u00e7do veprimtarie t\u00eb kryer p\u00ebr implementimin e politikave dhe p\u00ebrmbushjen e prioriteteve t\u00eb Qeveris\u00eb n\u00eb Qarkun Durr\u00ebs p\u00ebr vitin 2023.<\/p>\n\n\n\n<p class=\"wp-block-paragraph\">Puna e p\u00ebrditshme nj\u00eb vje\u00e7are, ka konsistuar n\u00eb nd\u00ebrtimin e nj\u00eb marr\u00ebdh\u00ebnie bashk\u00ebpunimi reciprok si me Institucionet Q\u00ebndrore n\u00eb Nivel Vendor ashtu edhe me Organet e Vet\u00ebqeverisjes Vendore, duke bashk\u00ebrenduar gjithashtu veprimtarit\u00eb e tyre, me q\u00ebllim realizimin e objektivave n\u00eb p\u00ebrputhje me politikat sektoriale t\u00eb K\u00ebshillit t\u00eb Ministrave n\u00eb Qark.<\/p>\n\n\n\n<p class=\"wp-block-paragraph\">N\u00eb p\u00ebrmbushje t\u00eb misionit dhe ushtrimit t\u00eb p\u00ebrgjegj\u00ebsive gjat\u00eb vitit 2023, Institucioni i Prefektit t\u00eb Qarkut Durr\u00ebs ka intensifikuar pun\u00ebn n\u00eb drejtimin e strukturave p\u00ebr menaxhimin e: emergjencave civile, sezonit turistik, mbrojtjen e mjedisit i cili vijon t\u00eb mbetet prioritet komb\u00ebtar, rritjen e cil\u00ebsis\u00eb s\u00eb sh\u00ebrbimit ndaj publikut, kontrollin ligjor t\u00eb territorit mbi zbatueshm\u00ebrin\u00eb e ligjit, parandalimin e fenomeneve negative, ruajtjen e pasuris\u00eb publike e private, rritjen e siguris\u00eb ushqimore, rritjen e nivelit t\u00eb siguris\u00eb n\u00eb shkolla, ofrimin e sh\u00ebrbimeve arsimore dhe sh\u00ebndet\u00ebsore cil\u00ebsore si dhe monitorimin e \u00e7do lloj veprimtarie dhe angazhimi tjet\u00ebr p\u00ebr t\u00eb cilat Institucioni i Prefektit \u00ebsht\u00eb ngarkuar me ligj p\u00ebr t\u00eb ndjekur.<\/p>\n\n\n\n<p class=\"wp-block-paragraph\">Gjithashtu, gjat\u00eb vitit 2023 Institucioni i Prefektit ka qen\u00eb maksimalisht i angazhuar, krahas realizimit t\u00eb detyrave sipas misionit dhe fushave t\u00eb p\u00ebrgjegj\u00ebsive t\u00eb secilit sektor, r\u00ebnd\u00ebsi e ve\u00e7ant\u00eb i \u00ebsht\u00eb dh\u00ebn\u00eb funksionimit pran\u00eb tij, t\u00eb strukturave dhe mekanizmave Task-Forc\u00eb, me p\u00ebrb\u00ebrje nd\u00ebrinstitucionale me q\u00ebllim koordinimin e veprimeve, menaxhimin e problemeve dhe situatave t\u00eb ve\u00e7anta duke luajtur nj\u00eb rol kryesor n\u00eb arritjen e zgjidhjeve konstruktive, t\u00eb p\u00ebrbashk\u00ebta dhe gjith\u00ebp\u00ebrfshir\u00ebse q\u00eb do t\u2019i sh\u00ebrbejn\u00eb zhvillimit ekonomik e social, t\u00eb qarkut Durr\u00ebs.<\/p>\n\n\n\n<p class=\"wp-block-paragraph\">Gjat\u00eb analiz\u00ebs Prefekti n\u00eb m\u00ebnyr\u00eb t\u00eb ve\u00e7ant\u00eb n\u00ebnvizoj sfidat e shumta me t\u00eb cilat jemi p\u00ebrballur k\u00ebt\u00eb vit si tregues dometh\u00ebn\u00ebs p\u00ebr pun\u00ebn ton\u00eb, si dhe p\u00ebrpjekjet e administrat\u00ebs p\u00ebr tu dh\u00ebn\u00eb zgjidhje me profesionaliz\u00ebm dhe p\u00ebrkushtim maksimal \u00e7do problematike dhe v\u00ebshtir\u00ebsie. Ulja e numrit t\u00eb zjarreve n\u00eb 332 raste m\u00eb pak se viti paraardh\u00ebs do t\u00eb thot\u00eb efikasitet m\u00eb i lart\u00eb nga Sh\u00ebrbimi Zjarrfik\u00ebs dhe pun\u00eb m\u00eb e mir\u00eb nga Emergjencat Civile n\u00eb t\u00ebr\u00ebsi.<\/p>\n\n\n\n<p class=\"wp-block-paragraph\">Qarku i Durr\u00ebsit \u00ebsht\u00eb dhe mbetet porta kryesore hyr\u00ebse p\u00ebr 440388 turist\u00eb t\u00eb cil\u00ebt sh\u00ebnuan nj\u00eb rekord t\u00eb ri p\u00ebr turizmin, p\u00ebrtej \u00e7do pritshm\u00ebrie. Koordinimi nd\u00ebrinstitucional p\u00ebr mbar\u00ebvajtjen e sezonit turistik, n\u00eb drejtim t\u00eb siguris\u00eb s\u00eb jet\u00ebs, past\u00ebrtis\u00eb n\u00eb plazhe, kushteve higjeno-sanitare, menaxhimit t\u00eb mbetjeve, siguris\u00eb ushqimore ishte nj\u00eb sprov\u00eb e kaluar me sukses.<\/p>\n\n\n\n<p class=\"wp-block-paragraph\">Duke bashk\u00ebrenduar pun\u00ebn me instititucionet q\u00ebndrore dhe vendore ve\u00e7an\u00ebrisht me Policin\u00eb e Shtetit dhe at\u00eb Bashkiake kemi sot nj\u00eb nivel m\u00eb t\u00eb lart\u00eb sigurie n\u00eb shkolla.<\/p>\n\n\n\n<p class=\"wp-block-paragraph\">Transferimi online i sh\u00ebrbimit t\u00eb Arkiv\u00ebs s\u00eb Gj\u00ebndjes Civile q\u00eb m\u00eb par\u00eb ofrohej n\u00eb sportel \u00ebsht\u00eb gjithashtu nj\u00eb histori suksesi.<\/p>\n\n\n\n<p class=\"wp-block-paragraph\">Kjo analiz\u00eb, nxorri n\u00eb pah veprimtarin\u00eb e Institucionit t\u00eb Prefektit p\u00ebr vitin 2023, ushtrimin e p\u00ebrgjegj\u00ebsive t\u00eb tij, m\u00ebnyr\u00ebn e nd\u00ebrtimit t\u00eb marr\u00ebdh\u00ebnieve me institucionet q\u00ebndrore e vendore gjithashtu u vendos\u00ebn dhe prioritet e pun\u00ebs p\u00ebr vitin 2024.<\/p>\n\n\n\n<p class=\"wp-block-paragraph\">N\u00eb p\u00ebrfundim p\u00ebrfaq\u00ebsuesit e Ministris\u00eb s\u00eb Br\u00ebndshme vler\u00ebsuan pozitivisht pun\u00ebn dhe arritjet e institucionit t\u00eb Prefektit t\u00eb Qarkut Durr\u00ebs, shpreh\u00ebn gjithashtu gatishm\u00ebrin\u00eb e tyre n\u00eb drejtim t\u00eb ofrimit t\u00eb mb\u00ebshtetjes p\u00ebr t\u00eb zhvilluar dhe promovuar vizione dhe standarte t\u00eb reja n\u00eb funksion t\u00eb p\u00ebrmir\u00ebsimit t\u00eb pun\u00ebs s\u00eb p\u00ebrbashk\u00ebt.<\/p>\n","protected":false},"excerpt":{"rendered":"<p>Sot, m\u00eb dat\u00eb 24.01.2024, n\u00ebn drejtimin e Prefektit t\u00eb Qarkut Durr\u00ebs Z.Emiljan Jani u zhvillua Analiza e Pun\u00ebs s\u00eb Institucionit t\u00eb Prefektit t\u00eb Qarkut Durr\u00ebs p\u00ebr vitin 2023. N\u00eb k\u00ebt\u00eb analiz\u00eb mor\u00ebn pjes\u00eb: P\u00ebrgjegj\u00ebsia e Sektorit t\u00eb Koordinimit me Prefekturat dhe Emergjencat n\u00eb Ministrin\u00eb e Brendshme Znj.Lindita Mukaj, Specialist i Sektorit t\u00eb Koordinimit me Prefekturat&#8230;<\/p>\n","protected":false},"author":2,"featured_media":3181,"comment_status":"open","ping_status":"open","sticky":false,"template":"","format":"standard","meta":{"footnotes":""},"categories":[1],"tags":[],"class_list":["post-3180","post","type-post","status-publish","format-standard","has-post-thumbnail","hentry","category-uncategorized"],"aioseo_notices":[],"aioseo_head":"\n\t\t<!-- All in One SEO 5.0.1.1 - aioseo.com -->\n\t<meta name=\"robots\" content=\"max-image-preview:large\" \/>\n\t<meta name=\"author\" content=\"Lori Muco\"\/>\n\t<link rel=\"canonical\" href=\"https:\/\/www.prefektidurres.gov.al\/index.php\/2024\/01\/24\/analiza-e-punes-se-institucionit-te-prefektit-te-qarkut-durres-per-vitin-2023\/\" \/>\n\t<meta name=\"generator\" content=\"All in One SEO (AIOSEO) 5.0.1.1\" \/>\n\t\t<meta property=\"og:locale\" content=\"en_US\" \/>\n\t\t<meta property=\"og:site_name\" content=\"Prefekti Durres |\" \/>\n\t\t<meta property=\"og:type\" content=\"article\" \/>\n\t\t<meta property=\"og:title\" content=\"Analiza e Pun\u00ebs s\u00eb Institucionit t\u00eb Prefektit t\u00eb Qarkut Durr\u00ebs p\u00ebr vitin 2023 | Prefekti Durres\" \/>\n\t\t<meta property=\"og:url\" content=\"https:\/\/www.prefektidurres.gov.al\/index.php\/2024\/01\/24\/analiza-e-punes-se-institucionit-te-prefektit-te-qarkut-durres-per-vitin-2023\/\" \/>\n\t\t<meta property=\"article:published_time\" content=\"2024-01-24T10:25:00+00:00\" \/>\n\t\t<meta property=\"article:modified_time\" content=\"2024-10-08T09:30:19+00:00\" \/>\n\t\t<meta name=\"twitter:card\" content=\"summary\" \/>\n\t\t<meta name=\"twitter:title\" content=\"Analiza e Pun\u00ebs s\u00eb Institucionit t\u00eb Prefektit t\u00eb Qarkut Durr\u00ebs p\u00ebr vitin 2023 | Prefekti Durres\" \/>\n\t\t<script type=\"application\/ld+json\" class=\"aioseo-schema\">\n\t\t\t{\"@context\":\"https:\\\/\\\/schema.org\",\"@graph\":[{\"@type\":\"Article\",\"@id\":\"https:\\\/\\\/www.prefektidurres.gov.al\\\/index.php\\\/2024\\\/01\\\/24\\\/analiza-e-punes-se-institucionit-te-prefektit-te-qarkut-durres-per-vitin-2023\\\/#article\",\"name\":\"Analiza e Pun\\u00ebs s\\u00eb Institucionit t\\u00eb Prefektit t\\u00eb Qarkut Durr\\u00ebs p\\u00ebr vitin 2023 | Prefekti Durres\",\"headline\":\"Analiza e Pun\\u00ebs s\\u00eb Institucionit t\\u00eb Prefektit t\\u00eb Qarkut Durr\\u00ebs p\\u00ebr vitin 2023\",\"author\":{\"@id\":\"https:\\\/\\\/www.prefektidurres.gov.al\\\/index.php\\\/author\\\/lori\\\/#author\"},\"publisher\":{\"@id\":\"https:\\\/\\\/www.prefektidurres.gov.al\\\/#organization\"},\"image\":{\"@type\":\"ImageObject\",\"url\":\"https:\\\/\\\/www.prefektidurres.gov.al\\\/wp-content\\\/uploads\\\/2024\\\/10\\\/analiza.jpg\",\"width\":2048,\"height\":1536},\"datePublished\":\"2024-01-24T11:25:00+01:00\",\"dateModified\":\"2024-10-08T11:30:19+02:00\",\"inLanguage\":\"en-US\",\"mainEntityOfPage\":{\"@id\":\"https:\\\/\\\/www.prefektidurres.gov.al\\\/index.php\\\/2024\\\/01\\\/24\\\/analiza-e-punes-se-institucionit-te-prefektit-te-qarkut-durres-per-vitin-2023\\\/#webpage\"},\"isPartOf\":{\"@id\":\"https:\\\/\\\/www.prefektidurres.gov.al\\\/index.php\\\/2024\\\/01\\\/24\\\/analiza-e-punes-se-institucionit-te-prefektit-te-qarkut-durres-per-vitin-2023\\\/#webpage\"},\"articleSection\":\"Uncategorized\"},{\"@type\":\"BreadcrumbList\",\"@id\":\"https:\\\/\\\/www.prefektidurres.gov.al\\\/index.php\\\/2024\\\/01\\\/24\\\/analiza-e-punes-se-institucionit-te-prefektit-te-qarkut-durres-per-vitin-2023\\\/#breadcrumblist\",\"itemListElement\":[{\"@type\":\"ListItem\",\"@id\":\"https:\\\/\\\/www.prefektidurres.gov.al#listItem\",\"position\":1,\"name\":\"Home\",\"item\":\"https:\\\/\\\/www.prefektidurres.gov.al\",\"nextItem\":{\"@type\":\"ListItem\",\"@id\":\"https:\\\/\\\/www.prefektidurres.gov.al\\\/index.php\\\/category\\\/uncategorized\\\/#listItem\",\"name\":\"Uncategorized\"}},{\"@type\":\"ListItem\",\"@id\":\"https:\\\/\\\/www.prefektidurres.gov.al\\\/index.php\\\/category\\\/uncategorized\\\/#listItem\",\"position\":2,\"name\":\"Uncategorized\",\"item\":\"https:\\\/\\\/www.prefektidurres.gov.al\\\/index.php\\\/category\\\/uncategorized\\\/\",\"nextItem\":{\"@type\":\"ListItem\",\"@id\":\"https:\\\/\\\/www.prefektidurres.gov.al\\\/index.php\\\/2024\\\/01\\\/24\\\/analiza-e-punes-se-institucionit-te-prefektit-te-qarkut-durres-per-vitin-2023\\\/#listItem\",\"name\":\"Analiza e Pun\\u00ebs s\\u00eb Institucionit t\\u00eb Prefektit t\\u00eb Qarkut Durr\\u00ebs p\\u00ebr vitin 2023\"},\"previousItem\":{\"@type\":\"ListItem\",\"@id\":\"https:\\\/\\\/www.prefektidurres.gov.al#listItem\",\"name\":\"Home\"}},{\"@type\":\"ListItem\",\"@id\":\"https:\\\/\\\/www.prefektidurres.gov.al\\\/index.php\\\/2024\\\/01\\\/24\\\/analiza-e-punes-se-institucionit-te-prefektit-te-qarkut-durres-per-vitin-2023\\\/#listItem\",\"position\":3,\"name\":\"Analiza e Pun\\u00ebs s\\u00eb Institucionit t\\u00eb Prefektit t\\u00eb Qarkut Durr\\u00ebs p\\u00ebr vitin 2023\",\"previousItem\":{\"@type\":\"ListItem\",\"@id\":\"https:\\\/\\\/www.prefektidurres.gov.al\\\/index.php\\\/category\\\/uncategorized\\\/#listItem\",\"name\":\"Uncategorized\"}}]},{\"@type\":\"Organization\",\"@id\":\"https:\\\/\\\/www.prefektidurres.gov.al\\\/#organization\",\"name\":\"Prefekti Durres\",\"url\":\"https:\\\/\\\/www.prefektidurres.gov.al\\\/\"},{\"@type\":\"Person\",\"@id\":\"https:\\\/\\\/www.prefektidurres.gov.al\\\/index.php\\\/author\\\/lori\\\/#author\",\"url\":\"https:\\\/\\\/www.prefektidurres.gov.al\\\/index.php\\\/author\\\/lori\\\/\",\"name\":\"Lori Muco\",\"image\":{\"@type\":\"ImageObject\",\"@id\":\"https:\\\/\\\/www.prefektidurres.gov.al\\\/index.php\\\/2024\\\/01\\\/24\\\/analiza-e-punes-se-institucionit-te-prefektit-te-qarkut-durres-per-vitin-2023\\\/#authorImage\",\"url\":\"https:\\\/\\\/secure.gravatar.com\\\/avatar\\\/033aff8b3e65507235ea1d295df83685e913b80c7b900114b5e5ad82f7fd7e43?s=96&d=mm&r=g\",\"width\":96,\"height\":96,\"caption\":\"Lori Muco\"}},{\"@type\":\"WebPage\",\"@id\":\"https:\\\/\\\/www.prefektidurres.gov.al\\\/index.php\\\/2024\\\/01\\\/24\\\/analiza-e-punes-se-institucionit-te-prefektit-te-qarkut-durres-per-vitin-2023\\\/#webpage\",\"url\":\"https:\\\/\\\/www.prefektidurres.gov.al\\\/index.php\\\/2024\\\/01\\\/24\\\/analiza-e-punes-se-institucionit-te-prefektit-te-qarkut-durres-per-vitin-2023\\\/\",\"name\":\"Analiza e Pun\\u00ebs s\\u00eb Institucionit t\\u00eb Prefektit t\\u00eb Qarkut Durr\\u00ebs p\\u00ebr vitin 2023 | Prefekti Durres\",\"inLanguage\":\"en-US\",\"isPartOf\":{\"@id\":\"https:\\\/\\\/www.prefektidurres.gov.al\\\/#website\"},\"breadcrumb\":{\"@id\":\"https:\\\/\\\/www.prefektidurres.gov.al\\\/index.php\\\/2024\\\/01\\\/24\\\/analiza-e-punes-se-institucionit-te-prefektit-te-qarkut-durres-per-vitin-2023\\\/#breadcrumblist\"},\"author\":{\"@id\":\"https:\\\/\\\/www.prefektidurres.gov.al\\\/index.php\\\/author\\\/lori\\\/#author\"},\"creator\":{\"@id\":\"https:\\\/\\\/www.prefektidurres.gov.al\\\/index.php\\\/author\\\/lori\\\/#author\"},\"image\":{\"@type\":\"ImageObject\",\"url\":\"https:\\\/\\\/www.prefektidurres.gov.al\\\/wp-content\\\/uploads\\\/2024\\\/10\\\/analiza.jpg\",\"@id\":\"https:\\\/\\\/www.prefektidurres.gov.al\\\/index.php\\\/2024\\\/01\\\/24\\\/analiza-e-punes-se-institucionit-te-prefektit-te-qarkut-durres-per-vitin-2023\\\/#mainImage\",\"width\":2048,\"height\":1536},\"primaryImageOfPage\":{\"@id\":\"https:\\\/\\\/www.prefektidurres.gov.al\\\/index.php\\\/2024\\\/01\\\/24\\\/analiza-e-punes-se-institucionit-te-prefektit-te-qarkut-durres-per-vitin-2023\\\/#mainImage\"},\"datePublished\":\"2024-01-24T11:25:00+01:00\",\"dateModified\":\"2024-10-08T11:30:19+02:00\"},{\"@type\":\"WebSite\",\"@id\":\"https:\\\/\\\/www.prefektidurres.gov.al\\\/#website\",\"url\":\"https:\\\/\\\/www.prefektidurres.gov.al\\\/\",\"name\":\"Prefekti Durres\",\"inLanguage\":\"en-US\",\"publisher\":{\"@id\":\"https:\\\/\\\/www.prefektidurres.gov.al\\\/#organization\"}}]}\n\t\t<\/script>\n\t\t<!-- All in One SEO -->\n\n","aioseo_head_json":{"title":"Analiza e Pun\u00ebs s\u00eb Institucionit t\u00eb Prefektit t\u00eb Qarkut Durr\u00ebs p\u00ebr vitin 2023 | Prefekti Durres","description":"","canonical_url":"https:\/\/www.prefektidurres.gov.al\/index.php\/2024\/01\/24\/analiza-e-punes-se-institucionit-te-prefektit-te-qarkut-durres-per-vitin-2023\/","robots":"max-image-preview:large","keywords":"","webmasterTools":{"miscellaneous":""},"schema":{"@context":"https:\/\/schema.org","@graph":[{"@type":"Article","@id":"https:\/\/www.prefektidurres.gov.al\/index.php\/2024\/01\/24\/analiza-e-punes-se-institucionit-te-prefektit-te-qarkut-durres-per-vitin-2023\/#article","name":"Analiza e Pun\u00ebs s\u00eb Institucionit t\u00eb Prefektit t\u00eb Qarkut Durr\u00ebs p\u00ebr vitin 2023 | Prefekti Durres","headline":"Analiza e Pun\u00ebs s\u00eb Institucionit t\u00eb Prefektit t\u00eb Qarkut Durr\u00ebs p\u00ebr vitin 2023","author":{"@id":"https:\/\/www.prefektidurres.gov.al\/index.php\/author\/lori\/#author"},"publisher":{"@id":"https:\/\/www.prefektidurres.gov.al\/#organization"},"image":{"@type":"ImageObject","url":"https:\/\/www.prefektidurres.gov.al\/wp-content\/uploads\/2024\/10\/analiza.jpg","width":2048,"height":1536},"datePublished":"2024-01-24T11:25:00+01:00","dateModified":"2024-10-08T11:30:19+02:00","inLanguage":"en-US","mainEntityOfPage":{"@id":"https:\/\/www.prefektidurres.gov.al\/index.php\/2024\/01\/24\/analiza-e-punes-se-institucionit-te-prefektit-te-qarkut-durres-per-vitin-2023\/#webpage"},"isPartOf":{"@id":"https:\/\/www.prefektidurres.gov.al\/index.php\/2024\/01\/24\/analiza-e-punes-se-institucionit-te-prefektit-te-qarkut-durres-per-vitin-2023\/#webpage"},"articleSection":"Uncategorized"},{"@type":"BreadcrumbList","@id":"https:\/\/www.prefektidurres.gov.al\/index.php\/2024\/01\/24\/analiza-e-punes-se-institucionit-te-prefektit-te-qarkut-durres-per-vitin-2023\/#breadcrumblist","itemListElement":[{"@type":"ListItem","@id":"https:\/\/www.prefektidurres.gov.al#listItem","position":1,"name":"Home","item":"https:\/\/www.prefektidurres.gov.al","nextItem":{"@type":"ListItem","@id":"https:\/\/www.prefektidurres.gov.al\/index.php\/category\/uncategorized\/#listItem","name":"Uncategorized"}},{"@type":"ListItem","@id":"https:\/\/www.prefektidurres.gov.al\/index.php\/category\/uncategorized\/#listItem","position":2,"name":"Uncategorized","item":"https:\/\/www.prefektidurres.gov.al\/index.php\/category\/uncategorized\/","nextItem":{"@type":"ListItem","@id":"https:\/\/www.prefektidurres.gov.al\/index.php\/2024\/01\/24\/analiza-e-punes-se-institucionit-te-prefektit-te-qarkut-durres-per-vitin-2023\/#listItem","name":"Analiza e Pun\u00ebs s\u00eb Institucionit t\u00eb Prefektit t\u00eb Qarkut Durr\u00ebs p\u00ebr vitin 2023"},"previousItem":{"@type":"ListItem","@id":"https:\/\/www.prefektidurres.gov.al#listItem","name":"Home"}},{"@type":"ListItem","@id":"https:\/\/www.prefektidurres.gov.al\/index.php\/2024\/01\/24\/analiza-e-punes-se-institucionit-te-prefektit-te-qarkut-durres-per-vitin-2023\/#listItem","position":3,"name":"Analiza e Pun\u00ebs s\u00eb Institucionit t\u00eb Prefektit t\u00eb Qarkut Durr\u00ebs p\u00ebr vitin 2023","previousItem":{"@type":"ListItem","@id":"https:\/\/www.prefektidurres.gov.al\/index.php\/category\/uncategorized\/#listItem","name":"Uncategorized"}}]},{"@type":"Organization","@id":"https:\/\/www.prefektidurres.gov.al\/#organization","name":"Prefekti Durres","url":"https:\/\/www.prefektidurres.gov.al\/"},{"@type":"Person","@id":"https:\/\/www.prefektidurres.gov.al\/index.php\/author\/lori\/#author","url":"https:\/\/www.prefektidurres.gov.al\/index.php\/author\/lori\/","name":"Lori Muco","image":{"@type":"ImageObject","@id":"https:\/\/www.prefektidurres.gov.al\/index.php\/2024\/01\/24\/analiza-e-punes-se-institucionit-te-prefektit-te-qarkut-durres-per-vitin-2023\/#authorImage","url":"https:\/\/secure.gravatar.com\/avatar\/033aff8b3e65507235ea1d295df83685e913b80c7b900114b5e5ad82f7fd7e43?s=96&d=mm&r=g","width":96,"height":96,"caption":"Lori Muco"}},{"@type":"WebPage","@id":"https:\/\/www.prefektidurres.gov.al\/index.php\/2024\/01\/24\/analiza-e-punes-se-institucionit-te-prefektit-te-qarkut-durres-per-vitin-2023\/#webpage","url":"https:\/\/www.prefektidurres.gov.al\/index.php\/2024\/01\/24\/analiza-e-punes-se-institucionit-te-prefektit-te-qarkut-durres-per-vitin-2023\/","name":"Analiza e Pun\u00ebs s\u00eb Institucionit t\u00eb Prefektit t\u00eb Qarkut Durr\u00ebs p\u00ebr vitin 2023 | Prefekti Durres","inLanguage":"en-US","isPartOf":{"@id":"https:\/\/www.prefektidurres.gov.al\/#website"},"breadcrumb":{"@id":"https:\/\/www.prefektidurres.gov.al\/index.php\/2024\/01\/24\/analiza-e-punes-se-institucionit-te-prefektit-te-qarkut-durres-per-vitin-2023\/#breadcrumblist"},"author":{"@id":"https:\/\/www.prefektidurres.gov.al\/index.php\/author\/lori\/#author"},"creator":{"@id":"https:\/\/www.prefektidurres.gov.al\/index.php\/author\/lori\/#author"},"image":{"@type":"ImageObject","url":"https:\/\/www.prefektidurres.gov.al\/wp-content\/uploads\/2024\/10\/analiza.jpg","@id":"https:\/\/www.prefektidurres.gov.al\/index.php\/2024\/01\/24\/analiza-e-punes-se-institucionit-te-prefektit-te-qarkut-durres-per-vitin-2023\/#mainImage","width":2048,"height":1536},"primaryImageOfPage":{"@id":"https:\/\/www.prefektidurres.gov.al\/index.php\/2024\/01\/24\/analiza-e-punes-se-institucionit-te-prefektit-te-qarkut-durres-per-vitin-2023\/#mainImage"},"datePublished":"2024-01-24T11:25:00+01:00","dateModified":"2024-10-08T11:30:19+02:00"},{"@type":"WebSite","@id":"https:\/\/www.prefektidurres.gov.al\/#website","url":"https:\/\/www.prefektidurres.gov.al\/","name":"Prefekti Durres","inLanguage":"en-US","publisher":{"@id":"https:\/\/www.prefektidurres.gov.al\/#organization"}}]},"og:locale":"en_US","og:site_name":"Prefekti Durres |","og:type":"article","og:title":"Analiza e Pun\u00ebs s\u00eb Institucionit t\u00eb Prefektit t\u00eb Qarkut Durr\u00ebs p\u00ebr vitin 2023 | Prefekti Durres","og:url":"https:\/\/www.prefektidurres.gov.al\/index.php\/2024\/01\/24\/analiza-e-punes-se-institucionit-te-prefektit-te-qarkut-durres-per-vitin-2023\/","article:published_time":"2024-01-24T10:25:00+00:00","article:modified_time":"2024-10-08T09:30:19+00:00","twitter:card":"summary","twitter:title":"Analiza e Pun\u00ebs s\u00eb Institucionit t\u00eb Prefektit t\u00eb Qarkut Durr\u00ebs p\u00ebr vitin 2023 | Prefekti Durres"},"aioseo_meta_data":{"post_id":"3180","title":null,"description":null,"keywords":null,"keyphrases":{"focus":{"keyphrase":"","score":0,"analysis":{"keyphraseInTitle":{"score":0,"maxScore":9,"error":1}}},"additional":[]},"primary_term":null,"canonical_url":null,"og_title":null,"og_description":null,"og_object_type":"default","og_image_type":"default","og_image_url":null,"og_image_width":null,"og_image_height":null,"og_image_custom_url":null,"og_image_custom_fields":null,"og_video":"","og_custom_url":null,"og_article_section":null,"og_article_tags":null,"twitter_use_og":false,"twitter_card":"default","twitter_image_type":"default","twitter_image_url":null,"twitter_image_custom_url":null,"twitter_image_custom_fields":null,"twitter_title":null,"twitter_description":null,"schema":{"blockGraphs":[],"customGraphs":[],"default":{"data":{"Article":[],"Course":[],"Dataset":[],"FAQPage":[],"Movie":[],"Person":[],"Product":[],"ProductReview":[],"Car":[],"Recipe":[],"Service":[],"SoftwareApplication":[],"WebPage":[]},"graphName":"Article","isEnabled":true},"graphs":[]},"schema_type":"default","schema_type_options":null,"pillar_content":false,"robots_default":true,"robots_noindex":false,"robots_noarchive":false,"robots_nosnippet":false,"robots_nofollow":false,"robots_noimageindex":false,"robots_noodp":false,"robots_notranslate":false,"robots_max_snippet":"-1","robots_max_videopreview":"-1","robots_max_imagepreview":"large","priority":null,"frequency":"default","location":null,"local_seo":null,"breadcrumb_settings":null,"limit_modified_date":false,"ai":null,"created":"2024-10-08 09:25:59","updated":"2025-11-03 09:12:28","seo_analyzer_scan_date":null,"focus_keyword":null,"additional_keywords":null,"truseo_locale":null},"aioseo_breadcrumb":"<div class=\"aioseo-breadcrumbs\"><span class=\"aioseo-breadcrumb\">\n\t\t\t<a href=\"https:\/\/www.prefektidurres.gov.al\" title=\"Home\">Home<\/a>\n\t\t<\/span><span class=\"aioseo-breadcrumb-separator\">&raquo;<\/span><span class=\"aioseo-breadcrumb\">\n\t\t\t<a href=\"https:\/\/www.prefektidurres.gov.al\/index.php\/category\/uncategorized\/\" title=\"Uncategorized\">Uncategorized<\/a>\n\t\t<\/span><span class=\"aioseo-breadcrumb-separator\">&raquo;<\/span><span class=\"aioseo-breadcrumb\">\n\t\t\tAnaliza e Pun\u00ebs s\u00eb Institucionit t\u00eb Prefektit t\u00eb Qarkut Durr\u00ebs p\u00ebr vitin 2023\n\t\t<\/span><\/div>","aioseo_breadcrumb_json":[{"label":"Home","link":"https:\/\/www.prefektidurres.gov.al"},{"label":"Uncategorized","link":"https:\/\/www.prefektidurres.gov.al\/index.php\/category\/uncategorized\/"},{"label":"Analiza e Pun\u00ebs s\u00eb Institucionit t\u00eb Prefektit t\u00eb Qarkut Durr\u00ebs p\u00ebr vitin 2023","link":"https:\/\/www.prefektidurres.gov.al\/index.php\/2024\/01\/24\/analiza-e-punes-se-institucionit-te-prefektit-te-qarkut-durres-per-vitin-2023\/"}],"_links":{"self":[{"href":"https:\/\/www.prefektidurres.gov.al\/index.php\/wp-json\/wp\/v2\/posts\/3180","targetHints":{"allow":["GET"]}}],"collection":[{"href":"https:\/\/www.prefektidurres.gov.al\/index.php\/wp-json\/wp\/v2\/posts"}],"about":[{"href":"https:\/\/www.prefektidurres.gov.al\/index.php\/wp-json\/wp\/v2\/types\/post"}],"author":[{"embeddable":true,"href":"https:\/\/www.prefektidurres.gov.al\/index.php\/wp-json\/wp\/v2\/users\/2"}],"replies":[{"embeddable":true,"href":"https:\/\/www.prefektidurres.gov.al\/index.php\/wp-json\/wp\/v2\/comments?post=3180"}],"version-history":[{"count":1,"href":"https:\/\/www.prefektidurres.gov.al\/index.php\/wp-json\/wp\/v2\/posts\/3180\/revisions"}],"predecessor-version":[{"id":3182,"href":"https:\/\/www.prefektidurres.gov.al\/index.php\/wp-json\/wp\/v2\/posts\/3180\/revisions\/3182"}],"wp:featuredmedia":[{"embeddable":true,"href":"https:\/\/www.prefektidurres.gov.al\/index.php\/wp-json\/wp\/v2\/media\/3181"}],"wp:attachment":[{"href":"https:\/\/www.prefektidurres.gov.al\/index.php\/wp-json\/wp\/v2\/media?parent=3180"}],"wp:term":[{"taxonomy":"category","embeddable":true,"href":"https:\/\/www.prefektidurres.gov.al\/index.php\/wp-json\/wp\/v2\/categories?post=3180"},{"taxonomy":"post_tag","embeddable":true,"href":"https:\/\/www.prefektidurres.gov.al\/index.php\/wp-json\/wp\/v2\/tags?post=3180"}],"curies":[{"name":"wp","href":"https:\/\/api.w.org\/{rel}","templated":true}]}}