{"id":3099,"date":"2023-10-31T10:23:55","date_gmt":"2023-10-31T09:23:55","guid":{"rendered":"https:\/\/www.prefektidurres.gov.al\/?p=3099"},"modified":"2024-01-08T10:27:07","modified_gmt":"2024-01-08T09:27:07","slug":"takim-ne-kuader-te-mbylljes-se-aktiviteteve-ndergjegjesuese-antitrafik-te-realizuara-gjate-muajit-tetor","status":"publish","type":"post","link":"https:\/\/www.prefektidurres.gov.al\/index.php\/2023\/10\/31\/takim-ne-kuader-te-mbylljes-se-aktiviteteve-ndergjegjesuese-antitrafik-te-realizuara-gjate-muajit-tetor\/","title":{"rendered":"Takim n\u00eb kuad\u00ebr t\u00eb mbylljes s\u00eb aktiviteteve nd\u00ebrgjegj\u00ebsuese antitrafik t\u00eb realizuara gjat\u00eb muajit tetor."},"content":{"rendered":"\n<p>N\u00ebn drejtimin e Prefektit t\u00eb Qarkut Durr\u00ebs Z. Emiljan Jani nj\u00ebkoh\u00ebsisht dhe Kryetari i Komitetit Rajonal Antitrafik u zhvillua sot m\u00eb dat\u00eb 31.10.2023 takimi n\u00eb kuad\u00ebr t\u00eb mbylljes s\u00eb aktiviteteve nd\u00ebrgjegj\u00ebsuese antitrafik t\u00eb realizuara gjat\u00eb muajit tetor nga Institucionet shtet\u00ebrore dhe organizatat partnere me q\u00ebllim parandalimin e k\u00ebtij fenomeni.<\/p>\n\n\n\n<p>N\u00eb k\u00ebt\u00eb takim ishin t\u00eb pranish\u00ebm t\u00eb gjith\u00eb strukturat shtet\u00ebrore dhe organizatat jo qeveritare an\u00ebtare pjes\u00eb e k\u00ebtij komiteti, si dhe nj\u00eb grup nx\u00ebn\u00ebsish nga gjimnazi \u201cGjergj Kastrioti\u201d.<\/p>\n\n\n\n<p>Prefekti i Qarkut Durr\u00ebs hapi takimin duke falenderuar t\u00eb gjith\u00eb strukturat p\u00ebr angazhimin dhe p\u00ebrkushtimin e treguar gjat\u00eb aktiviteve t\u00eb k\u00ebtij muaji, p\u00ebrg\u00ebzoj ata p\u00ebr pun\u00ebn e mir\u00eb, angazhimin dhe impenjimin serioz t\u00eb treguar n\u00eb Luft\u00ebn kund\u00ebr Trafikimit t\u00eb Q\u00ebnieve Njer\u00ebzore duke n\u00ebnvizuar q\u00eb KRAT Durr\u00ebs \u00ebsht\u00eb nj\u00eb nga strukturat q\u00eb dallohet p\u00ebr veprimtarin\u00eb dhe p\u00ebrformanc\u00ebn e saj dhe kjo sigurisht fal\u00eb pun\u00ebs s\u00eb p\u00ebrbashk\u00ebt por mbi t\u00eb gjitha fal\u00eb bashk\u00ebpunimit shum\u00eb t\u00eb mir\u00eb q\u00eb ekziston midis nesh n\u00eb koordinimin e veprimeve dhe aktiviteteve sipas planit t\u00eb veprimit.<\/p>\n\n\n\n<p>Gjat\u00eb takimit t\u00eb pranishmit krijuan nj\u00eb tablo t\u00eb situat\u00ebs antitrafik n\u00eb qark, analizuan problematikat e hasura si dhe informuan mbi aktivitetet e organizuara gjat\u00eb k\u00ebtij muaji t\u00eb cilat kan\u00eb p\u00ebrfshir\u00eb grupe t\u00eb shumta interesi dhe jan\u00eb shtrir\u00eb n\u00eb t\u00eb gjith\u00eb territorin e qarkut durr\u00ebs.<\/p>\n\n\n\n<p>Nd\u00ebrsa nx\u00ebn\u00ebsit q\u00eb ju bashkuan k\u00ebsaj fushate me mb\u00ebshtetjen e World Vision prezantuan nj\u00eb draft projekt i cili do ti vij n\u00eb ndihm\u00eb f\u00ebmij\u00ebv\u00eb n\u00eb situat\u00eb rruge. Ky projekt u p\u00ebrkrah nga Prefekti i Qarkut i cili shprehu gadishm\u00ebri t\u00eb plot\u00eb p\u00ebr t\u00eb mb\u00ebsht\u00ebtur idet\u00eb e tyre p\u00ebr t\u00eb edukuar dhe nd\u00ebrgjegj\u00ebsuar t\u00eb rinjt\u00eb n\u00eb luft\u00ebn kund\u00ebr trafikimit t\u00eb qenieve njer\u00ebzore.<\/p>\n\n\n\n<p>Gjithashtu n\u00eb k\u00ebt\u00eb takim nga Znj.Fabiola Egro Drejtuese e Rrjetit t\u00eb Q\u00ebndrave p\u00ebr Zhvillim Komunitar \u201cSot p\u00ebr t\u00eb Ardhmen\u201d u b\u00eb nj\u00eb prezantim dhe nj\u00eb p\u00ebrshkrim i detajuar mbi startimin dhe funksionin e \u201cQendr\u00ebs s\u00eb Resilienc\u00ebs\u201d e cila ngrihet si rezultat i partneritetit nd\u00ebrmjet Bashkis\u00eb Durr\u00ebs, Ministris\u00eb s\u00eb Sh\u00ebndet\u00ebsis\u00eb dhe Mbrojtjes Sociale, USAID, UNDP. Kjo q\u00ebnder do t\u00eb funksionoj\u00eb duke p\u00ebrfshir\u00eb n\u00eb m\u00ebnyr\u00eb proaktive komunitetin duke ofruar sh\u00ebrbimet e saj p\u00ebrmes koordinimit nd\u00ebrsektorial permes alternativa t\u00eb reja p\u00ebr integrim n\u00eb p\u00ebrputhje me interesin me t\u00eb larte t\u00eb f\u00ebmij\u00ebs dhe familjes e cila nga sot do t\u00eb jet\u00eb pjes\u00eb e tryez\u00ebs teknike me sh\u00ebrbimet q\u00eb ofron n\u00eb sh\u00ebrbim t\u00eb viktimave t\u00eb trafikimit.<\/p>\n\n\n\n<p>T\u00eb pranishmit shpreh\u00ebn angazhimin e tyre t\u00eb plot\u00eb p\u00ebr t\u00eb punuar n\u00eb partneritet dhe p\u00ebr t\u00eb b\u00ebr\u00eb t\u00eb mundur mbar\u00ebvajtjen e pun\u00ebs s\u00eb p\u00ebrbashk\u00ebt.<\/p>\n\n\n\n<p><a href=\"https:\/\/www.facebook.com\/photo\/?fbid=744137667755730&amp;set=pcb.744137847755712&amp;__cft__[0]=AZXmCwMP34zX7oeNof15EF2Y06sSncikEZBhtMtX8nmReFL_n9nOVKL-hNagh1g8G__ShzbogdaIhrjY_4N96e5SLAP4e-41S7zcRR4T-KjZWHD4m32IN34p5-m5TJbkIiEMP13CIsuGQDb3XBDSAwvZ&amp;__tn__=*bH-R\"><\/a><\/p>\n\n\n\n<figure class=\"wp-block-image\"><a href=\"https:\/\/www.facebook.com\/photo\/?fbid=744137667755730&amp;set=pcb.744137847755712&amp;__cft__[0]=AZXmCwMP34zX7oeNof15EF2Y06sSncikEZBhtMtX8nmReFL_n9nOVKL-hNagh1g8G__ShzbogdaIhrjY_4N96e5SLAP4e-41S7zcRR4T-KjZWHD4m32IN34p5-m5TJbkIiEMP13CIsuGQDb3XBDSAwvZ&amp;__tn__=*bH-R\"><img decoding=\"async\" src=\"https:\/\/scontent.ftia15-1.fna.fbcdn.net\/v\/t39.30808-6\/398051681_744137931089037_3277658727835131607_n.jpg?stp=cp6_dst-jpg_s600x600&amp;_nc_cat=104&amp;ccb=1-7&amp;_nc_sid=dd5e9f&amp;_nc_ohc=dojN3b55hfcAX8raq6H&amp;_nc_ht=scontent.ftia15-1.fna&amp;oh=00_AfACLNu3fxwO3btVk_MahRVb1QKu1QOvRzGVzJgALFz0LQ&amp;oe=65A08BAD\" alt=\"\" \/><\/a><\/figure>\n\n\n\n<p><a href=\"https:\/\/www.facebook.com\/photo\/?fbid=744137671089063&amp;set=pcb.744137847755712&amp;__cft__[0]=AZXmCwMP34zX7oeNof15EF2Y06sSncikEZBhtMtX8nmReFL_n9nOVKL-hNagh1g8G__ShzbogdaIhrjY_4N96e5SLAP4e-41S7zcRR4T-KjZWHD4m32IN34p5-m5TJbkIiEMP13CIsuGQDb3XBDSAwvZ&amp;__tn__=*bH-R\"><\/a><\/p>\n\n\n\n<figure class=\"wp-block-image\"><a href=\"https:\/\/www.facebook.com\/photo\/?fbid=744137671089063&amp;set=pcb.744137847755712&amp;__cft__[0]=AZXmCwMP34zX7oeNof15EF2Y06sSncikEZBhtMtX8nmReFL_n9nOVKL-hNagh1g8G__ShzbogdaIhrjY_4N96e5SLAP4e-41S7zcRR4T-KjZWHD4m32IN34p5-m5TJbkIiEMP13CIsuGQDb3XBDSAwvZ&amp;__tn__=*bH-R\"><img decoding=\"async\" src=\"https:\/\/scontent.ftia15-1.fna.fbcdn.net\/v\/t39.30808-6\/398047830_744137937755703_1838256640999827448_n.jpg?stp=cp6_dst-jpg_s600x600&amp;_nc_cat=104&amp;ccb=1-7&amp;_nc_sid=dd5e9f&amp;_nc_ohc=01cbAO-ZeKsAX8YI5rz&amp;_nc_ht=scontent.ftia15-1.fna&amp;oh=00_AfCuFLPzpDiklKXGIB4RnhzxguXCFpWKqPaMD1OO3UA94g&amp;oe=659FFA7B\" alt=\"\" \/><\/a><\/figure>\n\n\n\n<p><a href=\"https:\/\/www.facebook.com\/photo\/?fbid=744137724422391&amp;set=pcb.744137847755712&amp;__cft__[0]=AZXmCwMP34zX7oeNof15EF2Y06sSncikEZBhtMtX8nmReFL_n9nOVKL-hNagh1g8G__ShzbogdaIhrjY_4N96e5SLAP4e-41S7zcRR4T-KjZWHD4m32IN34p5-m5TJbkIiEMP13CIsuGQDb3XBDSAwvZ&amp;__tn__=*bH-R\"><\/a><\/p>\n\n\n\n<figure class=\"wp-block-image\"><a href=\"https:\/\/www.facebook.com\/photo\/?fbid=744137724422391&amp;set=pcb.744137847755712&amp;__cft__[0]=AZXmCwMP34zX7oeNof15EF2Y06sSncikEZBhtMtX8nmReFL_n9nOVKL-hNagh1g8G__ShzbogdaIhrjY_4N96e5SLAP4e-41S7zcRR4T-KjZWHD4m32IN34p5-m5TJbkIiEMP13CIsuGQDb3XBDSAwvZ&amp;__tn__=*bH-R\"><img decoding=\"async\" src=\"https:\/\/scontent.ftia15-1.fna.fbcdn.net\/v\/t39.30808-6\/398223512_744137981089032_355655620933496417_n.jpg?stp=cp6_dst-jpg_s600x600&amp;_nc_cat=100&amp;ccb=1-7&amp;_nc_sid=dd5e9f&amp;_nc_ohc=OT0sySbDQQ8AX9pSrmt&amp;_nc_ht=scontent.ftia15-1.fna&amp;oh=00_AfDcB-3Ht76SOVcjVDWAk8jFsErxCecofAM9NTqbcSz59g&amp;oe=65A1434F\" alt=\"\" \/><\/a><\/figure>\n","protected":false},"excerpt":{"rendered":"<p>N\u00ebn drejtimin e Prefektit t\u00eb Qarkut Durr\u00ebs Z. Emiljan Jani nj\u00ebkoh\u00ebsisht dhe Kryetari i Komitetit Rajonal Antitrafik u zhvillua sot m\u00eb dat\u00eb 31.10.2023 takimi n\u00eb kuad\u00ebr t\u00eb mbylljes s\u00eb aktiviteteve nd\u00ebrgjegj\u00ebsuese antitrafik t\u00eb realizuara gjat\u00eb muajit tetor nga Institucionet shtet\u00ebrore dhe organizatat partnere me q\u00ebllim parandalimin e k\u00ebtij fenomeni. N\u00eb k\u00ebt\u00eb takim ishin t\u00eb pranish\u00ebm&#8230;<\/p>\n","protected":false},"author":2,"featured_media":3100,"comment_status":"open","ping_status":"open","sticky":false,"template":"","format":"standard","meta":{"footnotes":""},"categories":[45],"tags":[],"class_list":["post-3099","post","type-post","status-publish","format-standard","has-post-thumbnail","hentry","category-aktivitete"],"aioseo_notices":[],"_links":{"self":[{"href":"https:\/\/www.prefektidurres.gov.al\/index.php\/wp-json\/wp\/v2\/posts\/3099","targetHints":{"allow":["GET"]}}],"collection":[{"href":"https:\/\/www.prefektidurres.gov.al\/index.php\/wp-json\/wp\/v2\/posts"}],"about":[{"href":"https:\/\/www.prefektidurres.gov.al\/index.php\/wp-json\/wp\/v2\/types\/post"}],"author":[{"embeddable":true,"href":"https:\/\/www.prefektidurres.gov.al\/index.php\/wp-json\/wp\/v2\/users\/2"}],"replies":[{"embeddable":true,"href":"https:\/\/www.prefektidurres.gov.al\/index.php\/wp-json\/wp\/v2\/comments?post=3099"}],"version-history":[{"count":1,"href":"https:\/\/www.prefektidurres.gov.al\/index.php\/wp-json\/wp\/v2\/posts\/3099\/revisions"}],"predecessor-version":[{"id":3101,"href":"https:\/\/www.prefektidurres.gov.al\/index.php\/wp-json\/wp\/v2\/posts\/3099\/revisions\/3101"}],"wp:featuredmedia":[{"embeddable":true,"href":"https:\/\/www.prefektidurres.gov.al\/index.php\/wp-json\/wp\/v2\/media\/3100"}],"wp:attachment":[{"href":"https:\/\/www.prefektidurres.gov.al\/index.php\/wp-json\/wp\/v2\/media?parent=3099"}],"wp:term":[{"taxonomy":"category","embeddable":true,"href":"https:\/\/www.prefektidurres.gov.al\/index.php\/wp-json\/wp\/v2\/categories?post=3099"},{"taxonomy":"post_tag","embeddable":true,"href":"https:\/\/www.prefektidurres.gov.al\/index.php\/wp-json\/wp\/v2\/tags?post=3099"}],"curies":[{"name":"wp","href":"https:\/\/api.w.org\/{rel}","templated":true}]}}