{"id":2717,"date":"2022-09-08T13:31:00","date_gmt":"2022-09-08T11:31:00","guid":{"rendered":"https:\/\/www.prefektidurres.gov.al\/?p=2717"},"modified":"2022-09-12T13:36:21","modified_gmt":"2022-09-12T11:36:21","slug":"takimi-per-sistemin-parauniversitar-ne-kuader-te-fillimit-te-vitit-te-ri-shkollor-2022-2023","status":"publish","type":"post","link":"https:\/\/www.prefektidurres.gov.al\/index.php\/2022\/09\/08\/takimi-per-sistemin-parauniversitar-ne-kuader-te-fillimit-te-vitit-te-ri-shkollor-2022-2023\/","title":{"rendered":"Takimi p\u00ebr sistemin parauniversitar n\u00eb kuad\u00ebr t\u00eb fillimit t\u00eb vitit t\u00eb ri shkollor 2022-2023."},"content":{"rendered":"\n<p>Sot m\u00eb dat\u00eb 08.09.2022 n\u00eb Institucionin e Prefektit t\u00eb Qarkut Durr\u00ebs u zhvillua takimi p\u00ebr sistemin parauniversitar n\u00eb kuad\u00ebr t\u00eb fillimit t\u00eb vitit t\u00eb ri shkollor 2022-2023.<\/p>\n\n\n\n<p>Takimi u kryesua nga Prefekti i Qarkut Durr\u00ebs z.Emiljan Jani, ku t\u00eb pranish\u00ebm ishin: Drejtori i Drejtoris\u00eb Rajonale Arsimit Parauniversitar z. Hazbi Lika, Drejtoresha e Zyr\u00ebs Vendore t\u00eb Arsimit Shijak znj. Blerina Ke\u00e7i, p\u00ebrfaq\u00ebsuese e Zyr\u00ebs Vendore t\u00eb Arsimit Durr\u00ebs znj. Matilda Leka dhe p\u00ebrfaq\u00ebsuese e Zyr\u00ebs Vendore t\u00eb Arsimit Kruj\u00eb znj. Aneda Caca. G<\/p>\n\n\n\n<p>jat\u00eb takimit u diskutua p\u00ebr masat e marra lidhur me infrastruktur\u00ebn dhe procesin didaktik shkollor si: <\/p>\n\n\n\n<p>1. Regjistrimi online n\u00eb e-Albania p\u00ebr klasat e para dhe t\u00eb dhjeta (proces, i cili vijon deri m\u00eb dat\u00eb 12 shtator 2022); <\/p>\n\n\n\n<p>2. Dezinfektimi dhe dezinsektimi i mjediseve shkollore; 3. Pajisja me mjetet didaktike; <\/p>\n\n\n\n<p>4. Kryerja e procesit t\u00eb lyerjes dhe meremetimeve t\u00eb mjediseve shkollore; <\/p>\n\n\n\n<p>5. Kryerja e procesit t\u00eb shp\u00ebrndarjes dhe pajisja e nx\u00ebn\u00ebsve me tekstet shkollore; <\/p>\n\n\n\n<p>6. Rind\u00ebrtimi dhe rikonstruksioni i institucioneve t\u00eb arsimit parauniversitar n\u00eb ZVA-n Durr\u00ebs dhe ZVA-n Kruj\u00eb;<\/p>\n\n\n\n<p>7. R\u00ebnia e numrit t\u00eb nx\u00ebn\u00ebsve;<\/p>\n\n\n\n<p>8. Rekrutimi i m\u00ebsuesve t\u00eb rinj n\u00ebp\u00ebrmjet Portalit M\u00ebsues p\u00ebr Shqip\u00ebrin\u00eb;<\/p>\n\n\n\n<p> 9. Procesi i zhvendosjes s\u00eb nx\u00ebn\u00ebsve nga nj\u00ebra shkoll\u00eb n\u00eb tjetr\u00ebn; P\u00ebrpos raportimit nga DRAP dhe secila ZVA n\u00eb lidhje me situat\u00ebn aktuale n\u00eb prag t\u00eb fillimit t\u00eb vitit t\u00eb ri shkollor 2022-2023, u theksua r\u00ebnd\u00ebsia e bashk\u00ebpunimit dhe bashk\u00ebrendimit p\u00ebr nj\u00eb mir\u00eb koordinimi t\u00eb pun\u00ebs n\u00eb zgjidhjen e t\u00eb gjitha problematikave t\u00eb sip\u00ebrp\u00ebrmendura dhe realizimin e t\u00eb gjitha objektivave p\u00ebr nj\u00eb vit shkollor t\u00eb suksessh\u00ebm.<\/p>\n","protected":false},"excerpt":{"rendered":"<p>Sot m\u00eb dat\u00eb 08.09.2022 n\u00eb Institucionin e Prefektit t\u00eb Qarkut Durr\u00ebs u zhvillua takimi p\u00ebr sistemin parauniversitar n\u00eb kuad\u00ebr t\u00eb fillimit t\u00eb vitit t\u00eb ri shkollor 2022-2023. Takimi u kryesua nga Prefekti i Qarkut Durr\u00ebs z.Emiljan Jani, ku t\u00eb pranish\u00ebm ishin: Drejtori i Drejtoris\u00eb Rajonale Arsimit Parauniversitar z. Hazbi Lika, Drejtoresha e Zyr\u00ebs Vendore t\u00eb&#8230;<\/p>\n","protected":false},"author":2,"featured_media":2718,"comment_status":"open","ping_status":"open","sticky":false,"template":"","format":"standard","meta":{"footnotes":""},"categories":[45],"tags":[],"class_list":["post-2717","post","type-post","status-publish","format-standard","has-post-thumbnail","hentry","category-aktivitete"],"aioseo_notices":[],"_links":{"self":[{"href":"https:\/\/www.prefektidurres.gov.al\/index.php\/wp-json\/wp\/v2\/posts\/2717","targetHints":{"allow":["GET"]}}],"collection":[{"href":"https:\/\/www.prefektidurres.gov.al\/index.php\/wp-json\/wp\/v2\/posts"}],"about":[{"href":"https:\/\/www.prefektidurres.gov.al\/index.php\/wp-json\/wp\/v2\/types\/post"}],"author":[{"embeddable":true,"href":"https:\/\/www.prefektidurres.gov.al\/index.php\/wp-json\/wp\/v2\/users\/2"}],"replies":[{"embeddable":true,"href":"https:\/\/www.prefektidurres.gov.al\/index.php\/wp-json\/wp\/v2\/comments?post=2717"}],"version-history":[{"count":1,"href":"https:\/\/www.prefektidurres.gov.al\/index.php\/wp-json\/wp\/v2\/posts\/2717\/revisions"}],"predecessor-version":[{"id":2719,"href":"https:\/\/www.prefektidurres.gov.al\/index.php\/wp-json\/wp\/v2\/posts\/2717\/revisions\/2719"}],"wp:featuredmedia":[{"embeddable":true,"href":"https:\/\/www.prefektidurres.gov.al\/index.php\/wp-json\/wp\/v2\/media\/2718"}],"wp:attachment":[{"href":"https:\/\/www.prefektidurres.gov.al\/index.php\/wp-json\/wp\/v2\/media?parent=2717"}],"wp:term":[{"taxonomy":"category","embeddable":true,"href":"https:\/\/www.prefektidurres.gov.al\/index.php\/wp-json\/wp\/v2\/categories?post=2717"},{"taxonomy":"post_tag","embeddable":true,"href":"https:\/\/www.prefektidurres.gov.al\/index.php\/wp-json\/wp\/v2\/tags?post=2717"}],"curies":[{"name":"wp","href":"https:\/\/api.w.org\/{rel}","templated":true}]}}