{"id":2662,"date":"2022-05-26T15:09:05","date_gmt":"2022-05-26T13:09:05","guid":{"rendered":"https:\/\/www.prefektidurres.gov.al\/?p=2662"},"modified":"2022-05-26T15:09:08","modified_gmt":"2022-05-26T13:09:08","slug":"aksion-ne-kuader-te-planit-kombetar-te-pastrimit","status":"publish","type":"post","link":"https:\/\/www.prefektidurres.gov.al\/index.php\/2022\/05\/26\/aksion-ne-kuader-te-planit-kombetar-te-pastrimit\/","title":{"rendered":"Aksion n\u00eb kuad\u00ebr t\u00eb Planit Komb\u00ebtar t\u00eb Pastrimit"},"content":{"rendered":"\n<p class=\"wp-block-paragraph\">Me dat\u00eb 26.05.2022 n\u00eb kuad\u00ebr t\u00eb Planit Komb\u00ebtar t\u00eb Pastrimit n\u00eb Qarkun e Durr\u00ebsit vazhdon aksioni p\u00ebr pastrimin e territorit nga ndotja mjedisore. N\u00eb vazhdim\u00ebsi t\u00eb aksionit t\u00eb dat\u00ebs 24 vijon edhe sot puna e p\u00ebrq\u00ebndruar n\u00eb zon\u00ebn bregdetare dhe hap\u00ebsirat publike t\u00eb Gjirit t\u00eb Lal\u00ebzit pran\u00eb Kompleksit San Pietro.<\/p>\n\n\n\n<p class=\"wp-block-paragraph\">N\u00eb aksion mor\u00ebn pjes\u00eb 54 efektiv\u00eb Regjiment pjes\u00eb t\u00eb Forcave t\u00eb Armatosura, t\u00eb pajisur me mjete pastrimi (doreza, thas\u00eb mbetjesh, kr\u00ebh\u00ebra, lopata), si dhe 2 kamiona, 1 foristrad\u00eb ushtrie dhe nj\u00eb fugon p\u00ebr transportin e personave.<\/p>\n\n\n\n<p class=\"wp-block-paragraph\">Nga aksioni u mblodh\u00ebn 450 thas\u00eb me mbetje urbane, pra n\u00eb total u hoq\u00ebn rreth 2.5 Ton mbetje.<\/p>\n\n\n\n<p class=\"wp-block-paragraph\"> ??\u0308 ?\u0327???????\u0308 ????\u0308? ?????????? ??? ??????? ??? ?????? ?????????.<\/p>\n\n\n\n<figure class=\"wp-block-image size-large is-resized is-style-rounded\"><img fetchpriority=\"high\" decoding=\"async\" src=\"https:\/\/www.prefektidurres.gov.al\/wp-content\/uploads\/2022\/05\/682e65c9-7511-4f19-ac71-06eb02487da4-1024x768.jpg\" alt=\"\" class=\"wp-image-2664\" width=\"374\" height=\"281\" srcset=\"https:\/\/www.prefektidurres.gov.al\/wp-content\/uploads\/2022\/05\/682e65c9-7511-4f19-ac71-06eb02487da4-1024x768.jpg 1024w, https:\/\/www.prefektidurres.gov.al\/wp-content\/uploads\/2022\/05\/682e65c9-7511-4f19-ac71-06eb02487da4-300x225.jpg 300w, https:\/\/www.prefektidurres.gov.al\/wp-content\/uploads\/2022\/05\/682e65c9-7511-4f19-ac71-06eb02487da4-768x576.jpg 768w, https:\/\/www.prefektidurres.gov.al\/wp-content\/uploads\/2022\/05\/682e65c9-7511-4f19-ac71-06eb02487da4.jpg 1032w\" sizes=\"(max-width: 374px) 100vw, 374px\" \/><\/figure>\n","protected":false},"excerpt":{"rendered":"<p>Me dat\u00eb 26.05.2022 n\u00eb kuad\u00ebr t\u00eb Planit Komb\u00ebtar t\u00eb Pastrimit n\u00eb Qarkun e Durr\u00ebsit vazhdon aksioni p\u00ebr pastrimin e territorit nga ndotja mjedisore. N\u00eb vazhdim\u00ebsi t\u00eb aksionit t\u00eb dat\u00ebs 24 vijon edhe sot puna e p\u00ebrq\u00ebndruar n\u00eb zon\u00ebn bregdetare dhe hap\u00ebsirat publike t\u00eb Gjirit t\u00eb Lal\u00ebzit pran\u00eb Kompleksit San Pietro. N\u00eb aksion mor\u00ebn pjes\u00eb 54&#8230;<\/p>\n","protected":false},"author":2,"featured_media":2663,"comment_status":"open","ping_status":"open","sticky":false,"template":"","format":"standard","meta":{"footnotes":""},"categories":[1],"tags":[],"class_list":["post-2662","post","type-post","status-publish","format-standard","has-post-thumbnail","hentry","category-uncategorized"],"aioseo_notices":[],"aioseo_head":"\n\t\t<!-- All in One SEO 5.0.1.1 - aioseo.com -->\n\t<meta name=\"robots\" content=\"max-image-preview:large\" \/>\n\t<meta name=\"author\" content=\"Lori Muco\"\/>\n\t<link rel=\"canonical\" href=\"https:\/\/www.prefektidurres.gov.al\/index.php\/2022\/05\/26\/aksion-ne-kuader-te-planit-kombetar-te-pastrimit\/\" \/>\n\t<meta name=\"generator\" content=\"All in One SEO (AIOSEO) 5.0.1.1\" \/>\n\t\t<meta property=\"og:locale\" content=\"en_US\" \/>\n\t\t<meta property=\"og:site_name\" content=\"Prefekti Durres |\" \/>\n\t\t<meta property=\"og:type\" content=\"article\" \/>\n\t\t<meta property=\"og:title\" content=\"Aksion n\u00eb kuad\u00ebr t\u00eb Planit Komb\u00ebtar t\u00eb Pastrimit | Prefekti Durres\" \/>\n\t\t<meta property=\"og:url\" content=\"https:\/\/www.prefektidurres.gov.al\/index.php\/2022\/05\/26\/aksion-ne-kuader-te-planit-kombetar-te-pastrimit\/\" \/>\n\t\t<meta property=\"article:published_time\" content=\"2022-05-26T13:09:05+00:00\" \/>\n\t\t<meta property=\"article:modified_time\" content=\"2022-05-26T13:09:08+00:00\" \/>\n\t\t<meta name=\"twitter:card\" content=\"summary\" \/>\n\t\t<meta name=\"twitter:title\" content=\"Aksion n\u00eb kuad\u00ebr t\u00eb Planit Komb\u00ebtar t\u00eb Pastrimit | Prefekti Durres\" \/>\n\t\t<script type=\"application\/ld+json\" class=\"aioseo-schema\">\n\t\t\t{\"@context\":\"https:\\\/\\\/schema.org\",\"@graph\":[{\"@type\":\"Article\",\"@id\":\"https:\\\/\\\/www.prefektidurres.gov.al\\\/index.php\\\/2022\\\/05\\\/26\\\/aksion-ne-kuader-te-planit-kombetar-te-pastrimit\\\/#article\",\"name\":\"Aksion n\\u00eb kuad\\u00ebr t\\u00eb Planit Komb\\u00ebtar t\\u00eb Pastrimit | Prefekti Durres\",\"headline\":\"Aksion n\\u00eb kuad\\u00ebr t\\u00eb Planit Komb\\u00ebtar t\\u00eb Pastrimit\",\"author\":{\"@id\":\"https:\\\/\\\/www.prefektidurres.gov.al\\\/index.php\\\/author\\\/lori\\\/#author\"},\"publisher\":{\"@id\":\"https:\\\/\\\/www.prefektidurres.gov.al\\\/#organization\"},\"image\":{\"@type\":\"ImageObject\",\"url\":\"https:\\\/\\\/www.prefektidurres.gov.al\\\/wp-content\\\/uploads\\\/2022\\\/05\\\/e82a1581-4573-4f93-b28f-20a1c8ebe01c.jpg\",\"width\":1086,\"height\":960},\"datePublished\":\"2022-05-26T15:09:05+02:00\",\"dateModified\":\"2022-05-26T15:09:08+02:00\",\"inLanguage\":\"en-US\",\"mainEntityOfPage\":{\"@id\":\"https:\\\/\\\/www.prefektidurres.gov.al\\\/index.php\\\/2022\\\/05\\\/26\\\/aksion-ne-kuader-te-planit-kombetar-te-pastrimit\\\/#webpage\"},\"isPartOf\":{\"@id\":\"https:\\\/\\\/www.prefektidurres.gov.al\\\/index.php\\\/2022\\\/05\\\/26\\\/aksion-ne-kuader-te-planit-kombetar-te-pastrimit\\\/#webpage\"},\"articleSection\":\"Uncategorized\"},{\"@type\":\"BreadcrumbList\",\"@id\":\"https:\\\/\\\/www.prefektidurres.gov.al\\\/index.php\\\/2022\\\/05\\\/26\\\/aksion-ne-kuader-te-planit-kombetar-te-pastrimit\\\/#breadcrumblist\",\"itemListElement\":[{\"@type\":\"ListItem\",\"@id\":\"https:\\\/\\\/www.prefektidurres.gov.al#listItem\",\"position\":1,\"name\":\"Home\",\"item\":\"https:\\\/\\\/www.prefektidurres.gov.al\",\"nextItem\":{\"@type\":\"ListItem\",\"@id\":\"https:\\\/\\\/www.prefektidurres.gov.al\\\/index.php\\\/category\\\/uncategorized\\\/#listItem\",\"name\":\"Uncategorized\"}},{\"@type\":\"ListItem\",\"@id\":\"https:\\\/\\\/www.prefektidurres.gov.al\\\/index.php\\\/category\\\/uncategorized\\\/#listItem\",\"position\":2,\"name\":\"Uncategorized\",\"item\":\"https:\\\/\\\/www.prefektidurres.gov.al\\\/index.php\\\/category\\\/uncategorized\\\/\",\"nextItem\":{\"@type\":\"ListItem\",\"@id\":\"https:\\\/\\\/www.prefektidurres.gov.al\\\/index.php\\\/2022\\\/05\\\/26\\\/aksion-ne-kuader-te-planit-kombetar-te-pastrimit\\\/#listItem\",\"name\":\"Aksion n\\u00eb kuad\\u00ebr t\\u00eb Planit Komb\\u00ebtar t\\u00eb Pastrimit\"},\"previousItem\":{\"@type\":\"ListItem\",\"@id\":\"https:\\\/\\\/www.prefektidurres.gov.al#listItem\",\"name\":\"Home\"}},{\"@type\":\"ListItem\",\"@id\":\"https:\\\/\\\/www.prefektidurres.gov.al\\\/index.php\\\/2022\\\/05\\\/26\\\/aksion-ne-kuader-te-planit-kombetar-te-pastrimit\\\/#listItem\",\"position\":3,\"name\":\"Aksion n\\u00eb kuad\\u00ebr t\\u00eb Planit Komb\\u00ebtar t\\u00eb Pastrimit\",\"previousItem\":{\"@type\":\"ListItem\",\"@id\":\"https:\\\/\\\/www.prefektidurres.gov.al\\\/index.php\\\/category\\\/uncategorized\\\/#listItem\",\"name\":\"Uncategorized\"}}]},{\"@type\":\"Organization\",\"@id\":\"https:\\\/\\\/www.prefektidurres.gov.al\\\/#organization\",\"name\":\"Prefekti Durres\",\"url\":\"https:\\\/\\\/www.prefektidurres.gov.al\\\/\"},{\"@type\":\"Person\",\"@id\":\"https:\\\/\\\/www.prefektidurres.gov.al\\\/index.php\\\/author\\\/lori\\\/#author\",\"url\":\"https:\\\/\\\/www.prefektidurres.gov.al\\\/index.php\\\/author\\\/lori\\\/\",\"name\":\"Lori Muco\",\"image\":{\"@type\":\"ImageObject\",\"@id\":\"https:\\\/\\\/www.prefektidurres.gov.al\\\/index.php\\\/2022\\\/05\\\/26\\\/aksion-ne-kuader-te-planit-kombetar-te-pastrimit\\\/#authorImage\",\"url\":\"https:\\\/\\\/secure.gravatar.com\\\/avatar\\\/033aff8b3e65507235ea1d295df83685e913b80c7b900114b5e5ad82f7fd7e43?s=96&d=mm&r=g\",\"width\":96,\"height\":96,\"caption\":\"Lori Muco\"}},{\"@type\":\"WebPage\",\"@id\":\"https:\\\/\\\/www.prefektidurres.gov.al\\\/index.php\\\/2022\\\/05\\\/26\\\/aksion-ne-kuader-te-planit-kombetar-te-pastrimit\\\/#webpage\",\"url\":\"https:\\\/\\\/www.prefektidurres.gov.al\\\/index.php\\\/2022\\\/05\\\/26\\\/aksion-ne-kuader-te-planit-kombetar-te-pastrimit\\\/\",\"name\":\"Aksion n\\u00eb kuad\\u00ebr t\\u00eb Planit Komb\\u00ebtar t\\u00eb Pastrimit | Prefekti Durres\",\"inLanguage\":\"en-US\",\"isPartOf\":{\"@id\":\"https:\\\/\\\/www.prefektidurres.gov.al\\\/#website\"},\"breadcrumb\":{\"@id\":\"https:\\\/\\\/www.prefektidurres.gov.al\\\/index.php\\\/2022\\\/05\\\/26\\\/aksion-ne-kuader-te-planit-kombetar-te-pastrimit\\\/#breadcrumblist\"},\"author\":{\"@id\":\"https:\\\/\\\/www.prefektidurres.gov.al\\\/index.php\\\/author\\\/lori\\\/#author\"},\"creator\":{\"@id\":\"https:\\\/\\\/www.prefektidurres.gov.al\\\/index.php\\\/author\\\/lori\\\/#author\"},\"image\":{\"@type\":\"ImageObject\",\"url\":\"https:\\\/\\\/www.prefektidurres.gov.al\\\/wp-content\\\/uploads\\\/2022\\\/05\\\/e82a1581-4573-4f93-b28f-20a1c8ebe01c.jpg\",\"@id\":\"https:\\\/\\\/www.prefektidurres.gov.al\\\/index.php\\\/2022\\\/05\\\/26\\\/aksion-ne-kuader-te-planit-kombetar-te-pastrimit\\\/#mainImage\",\"width\":1086,\"height\":960},\"primaryImageOfPage\":{\"@id\":\"https:\\\/\\\/www.prefektidurres.gov.al\\\/index.php\\\/2022\\\/05\\\/26\\\/aksion-ne-kuader-te-planit-kombetar-te-pastrimit\\\/#mainImage\"},\"datePublished\":\"2022-05-26T15:09:05+02:00\",\"dateModified\":\"2022-05-26T15:09:08+02:00\"},{\"@type\":\"WebSite\",\"@id\":\"https:\\\/\\\/www.prefektidurres.gov.al\\\/#website\",\"url\":\"https:\\\/\\\/www.prefektidurres.gov.al\\\/\",\"name\":\"Prefekti Durres\",\"inLanguage\":\"en-US\",\"publisher\":{\"@id\":\"https:\\\/\\\/www.prefektidurres.gov.al\\\/#organization\"}}]}\n\t\t<\/script>\n\t\t<!-- All in One SEO -->\n\n","aioseo_head_json":{"title":"Aksion n\u00eb kuad\u00ebr t\u00eb Planit Komb\u00ebtar t\u00eb Pastrimit | Prefekti Durres","description":"","canonical_url":"https:\/\/www.prefektidurres.gov.al\/index.php\/2022\/05\/26\/aksion-ne-kuader-te-planit-kombetar-te-pastrimit\/","robots":"max-image-preview:large","keywords":"","webmasterTools":{"miscellaneous":""},"schema":{"@context":"https:\/\/schema.org","@graph":[{"@type":"Article","@id":"https:\/\/www.prefektidurres.gov.al\/index.php\/2022\/05\/26\/aksion-ne-kuader-te-planit-kombetar-te-pastrimit\/#article","name":"Aksion n\u00eb kuad\u00ebr t\u00eb Planit Komb\u00ebtar t\u00eb Pastrimit | Prefekti Durres","headline":"Aksion n\u00eb kuad\u00ebr t\u00eb Planit Komb\u00ebtar t\u00eb Pastrimit","author":{"@id":"https:\/\/www.prefektidurres.gov.al\/index.php\/author\/lori\/#author"},"publisher":{"@id":"https:\/\/www.prefektidurres.gov.al\/#organization"},"image":{"@type":"ImageObject","url":"https:\/\/www.prefektidurres.gov.al\/wp-content\/uploads\/2022\/05\/e82a1581-4573-4f93-b28f-20a1c8ebe01c.jpg","width":1086,"height":960},"datePublished":"2022-05-26T15:09:05+02:00","dateModified":"2022-05-26T15:09:08+02:00","inLanguage":"en-US","mainEntityOfPage":{"@id":"https:\/\/www.prefektidurres.gov.al\/index.php\/2022\/05\/26\/aksion-ne-kuader-te-planit-kombetar-te-pastrimit\/#webpage"},"isPartOf":{"@id":"https:\/\/www.prefektidurres.gov.al\/index.php\/2022\/05\/26\/aksion-ne-kuader-te-planit-kombetar-te-pastrimit\/#webpage"},"articleSection":"Uncategorized"},{"@type":"BreadcrumbList","@id":"https:\/\/www.prefektidurres.gov.al\/index.php\/2022\/05\/26\/aksion-ne-kuader-te-planit-kombetar-te-pastrimit\/#breadcrumblist","itemListElement":[{"@type":"ListItem","@id":"https:\/\/www.prefektidurres.gov.al#listItem","position":1,"name":"Home","item":"https:\/\/www.prefektidurres.gov.al","nextItem":{"@type":"ListItem","@id":"https:\/\/www.prefektidurres.gov.al\/index.php\/category\/uncategorized\/#listItem","name":"Uncategorized"}},{"@type":"ListItem","@id":"https:\/\/www.prefektidurres.gov.al\/index.php\/category\/uncategorized\/#listItem","position":2,"name":"Uncategorized","item":"https:\/\/www.prefektidurres.gov.al\/index.php\/category\/uncategorized\/","nextItem":{"@type":"ListItem","@id":"https:\/\/www.prefektidurres.gov.al\/index.php\/2022\/05\/26\/aksion-ne-kuader-te-planit-kombetar-te-pastrimit\/#listItem","name":"Aksion n\u00eb kuad\u00ebr t\u00eb Planit Komb\u00ebtar t\u00eb Pastrimit"},"previousItem":{"@type":"ListItem","@id":"https:\/\/www.prefektidurres.gov.al#listItem","name":"Home"}},{"@type":"ListItem","@id":"https:\/\/www.prefektidurres.gov.al\/index.php\/2022\/05\/26\/aksion-ne-kuader-te-planit-kombetar-te-pastrimit\/#listItem","position":3,"name":"Aksion n\u00eb kuad\u00ebr t\u00eb Planit Komb\u00ebtar t\u00eb Pastrimit","previousItem":{"@type":"ListItem","@id":"https:\/\/www.prefektidurres.gov.al\/index.php\/category\/uncategorized\/#listItem","name":"Uncategorized"}}]},{"@type":"Organization","@id":"https:\/\/www.prefektidurres.gov.al\/#organization","name":"Prefekti Durres","url":"https:\/\/www.prefektidurres.gov.al\/"},{"@type":"Person","@id":"https:\/\/www.prefektidurres.gov.al\/index.php\/author\/lori\/#author","url":"https:\/\/www.prefektidurres.gov.al\/index.php\/author\/lori\/","name":"Lori Muco","image":{"@type":"ImageObject","@id":"https:\/\/www.prefektidurres.gov.al\/index.php\/2022\/05\/26\/aksion-ne-kuader-te-planit-kombetar-te-pastrimit\/#authorImage","url":"https:\/\/secure.gravatar.com\/avatar\/033aff8b3e65507235ea1d295df83685e913b80c7b900114b5e5ad82f7fd7e43?s=96&d=mm&r=g","width":96,"height":96,"caption":"Lori Muco"}},{"@type":"WebPage","@id":"https:\/\/www.prefektidurres.gov.al\/index.php\/2022\/05\/26\/aksion-ne-kuader-te-planit-kombetar-te-pastrimit\/#webpage","url":"https:\/\/www.prefektidurres.gov.al\/index.php\/2022\/05\/26\/aksion-ne-kuader-te-planit-kombetar-te-pastrimit\/","name":"Aksion n\u00eb kuad\u00ebr t\u00eb Planit Komb\u00ebtar t\u00eb Pastrimit | Prefekti Durres","inLanguage":"en-US","isPartOf":{"@id":"https:\/\/www.prefektidurres.gov.al\/#website"},"breadcrumb":{"@id":"https:\/\/www.prefektidurres.gov.al\/index.php\/2022\/05\/26\/aksion-ne-kuader-te-planit-kombetar-te-pastrimit\/#breadcrumblist"},"author":{"@id":"https:\/\/www.prefektidurres.gov.al\/index.php\/author\/lori\/#author"},"creator":{"@id":"https:\/\/www.prefektidurres.gov.al\/index.php\/author\/lori\/#author"},"image":{"@type":"ImageObject","url":"https:\/\/www.prefektidurres.gov.al\/wp-content\/uploads\/2022\/05\/e82a1581-4573-4f93-b28f-20a1c8ebe01c.jpg","@id":"https:\/\/www.prefektidurres.gov.al\/index.php\/2022\/05\/26\/aksion-ne-kuader-te-planit-kombetar-te-pastrimit\/#mainImage","width":1086,"height":960},"primaryImageOfPage":{"@id":"https:\/\/www.prefektidurres.gov.al\/index.php\/2022\/05\/26\/aksion-ne-kuader-te-planit-kombetar-te-pastrimit\/#mainImage"},"datePublished":"2022-05-26T15:09:05+02:00","dateModified":"2022-05-26T15:09:08+02:00"},{"@type":"WebSite","@id":"https:\/\/www.prefektidurres.gov.al\/#website","url":"https:\/\/www.prefektidurres.gov.al\/","name":"Prefekti Durres","inLanguage":"en-US","publisher":{"@id":"https:\/\/www.prefektidurres.gov.al\/#organization"}}]},"og:locale":"en_US","og:site_name":"Prefekti Durres |","og:type":"article","og:title":"Aksion n\u00eb kuad\u00ebr t\u00eb Planit Komb\u00ebtar t\u00eb Pastrimit | Prefekti Durres","og:url":"https:\/\/www.prefektidurres.gov.al\/index.php\/2022\/05\/26\/aksion-ne-kuader-te-planit-kombetar-te-pastrimit\/","article:published_time":"2022-05-26T13:09:05+00:00","article:modified_time":"2022-05-26T13:09:08+00:00","twitter:card":"summary","twitter:title":"Aksion n\u00eb kuad\u00ebr t\u00eb Planit Komb\u00ebtar t\u00eb Pastrimit | Prefekti Durres"},"aioseo_meta_data":{"post_id":"2662","title":null,"description":null,"keywords":[],"keyphrases":{"focus":{"keyphrase":"","score":0,"analysis":{"keyphraseInTitle":{"score":0,"maxScore":9,"error":1}}},"additional":[]},"primary_term":null,"canonical_url":null,"og_title":null,"og_description":null,"og_object_type":"default","og_image_type":"default","og_image_url":null,"og_image_width":null,"og_image_height":null,"og_image_custom_url":null,"og_image_custom_fields":null,"og_video":"","og_custom_url":null,"og_article_section":null,"og_article_tags":[],"twitter_use_og":false,"twitter_card":"default","twitter_image_type":"default","twitter_image_url":null,"twitter_image_custom_url":null,"twitter_image_custom_fields":null,"twitter_title":null,"twitter_description":null,"schema":{"blockGraphs":[],"customGraphs":[],"default":{"data":{"Article":{"id":"aioseo-article-63a38ed443bbf","slug":"article","graphName":"Article","label":"Article","properties":{"type":"BlogPosting","name":"#post_title","headline":"#post_title","description":"#post_excerpt","image":"","keywords":"","author":{"name":"#author_name","url":"#author_url"},"dates":{"include":true,"datePublished":"","dateModified":""}}},"Course":[],"Dataset":[],"FAQPage":[],"Movie":[],"Person":[],"Product":[],"ProductReview":[],"Car":[],"Recipe":[],"Service":[],"SoftwareApplication":[],"WebPage":[]},"graphName":"Article","isEnabled":true},"graphs":[]},"schema_type":"default","schema_type_options":"{\"article\":{\"articleType\":\"BlogPosting\"},\"course\":{\"name\":\"\",\"description\":\"\",\"provider\":\"\"},\"faq\":{\"pages\":[]},\"product\":{\"reviews\":[]},\"recipe\":{\"ingredients\":[],\"instructions\":[],\"keywords\":[]},\"software\":{\"reviews\":[],\"operatingSystems\":[]},\"webPage\":{\"webPageType\":\"WebPage\"}}","pillar_content":false,"robots_default":true,"robots_noindex":false,"robots_noarchive":false,"robots_nosnippet":false,"robots_nofollow":false,"robots_noimageindex":false,"robots_noodp":false,"robots_notranslate":false,"robots_max_snippet":"-1","robots_max_videopreview":"-1","robots_max_imagepreview":"large","priority":null,"frequency":"default","location":null,"local_seo":null,"breadcrumb_settings":null,"limit_modified_date":false,"ai":null,"created":"2022-05-26 13:04:58","updated":"2025-11-03 08:51:49","seo_analyzer_scan_date":null,"focus_keyword":null,"additional_keywords":null,"truseo_locale":null},"aioseo_breadcrumb":"<div class=\"aioseo-breadcrumbs\"><span class=\"aioseo-breadcrumb\">\n\t\t\t<a href=\"https:\/\/www.prefektidurres.gov.al\" title=\"Home\">Home<\/a>\n\t\t<\/span><span class=\"aioseo-breadcrumb-separator\">&raquo;<\/span><span class=\"aioseo-breadcrumb\">\n\t\t\t<a href=\"https:\/\/www.prefektidurres.gov.al\/index.php\/category\/uncategorized\/\" title=\"Uncategorized\">Uncategorized<\/a>\n\t\t<\/span><span class=\"aioseo-breadcrumb-separator\">&raquo;<\/span><span class=\"aioseo-breadcrumb\">\n\t\t\tAksion n\u00eb kuad\u00ebr t\u00eb Planit Komb\u00ebtar t\u00eb Pastrimit\n\t\t<\/span><\/div>","aioseo_breadcrumb_json":[{"label":"Home","link":"https:\/\/www.prefektidurres.gov.al"},{"label":"Uncategorized","link":"https:\/\/www.prefektidurres.gov.al\/index.php\/category\/uncategorized\/"},{"label":"Aksion n\u00eb kuad\u00ebr t\u00eb Planit Komb\u00ebtar t\u00eb Pastrimit","link":"https:\/\/www.prefektidurres.gov.al\/index.php\/2022\/05\/26\/aksion-ne-kuader-te-planit-kombetar-te-pastrimit\/"}],"_links":{"self":[{"href":"https:\/\/www.prefektidurres.gov.al\/index.php\/wp-json\/wp\/v2\/posts\/2662","targetHints":{"allow":["GET"]}}],"collection":[{"href":"https:\/\/www.prefektidurres.gov.al\/index.php\/wp-json\/wp\/v2\/posts"}],"about":[{"href":"https:\/\/www.prefektidurres.gov.al\/index.php\/wp-json\/wp\/v2\/types\/post"}],"author":[{"embeddable":true,"href":"https:\/\/www.prefektidurres.gov.al\/index.php\/wp-json\/wp\/v2\/users\/2"}],"replies":[{"embeddable":true,"href":"https:\/\/www.prefektidurres.gov.al\/index.php\/wp-json\/wp\/v2\/comments?post=2662"}],"version-history":[{"count":1,"href":"https:\/\/www.prefektidurres.gov.al\/index.php\/wp-json\/wp\/v2\/posts\/2662\/revisions"}],"predecessor-version":[{"id":2665,"href":"https:\/\/www.prefektidurres.gov.al\/index.php\/wp-json\/wp\/v2\/posts\/2662\/revisions\/2665"}],"wp:featuredmedia":[{"embeddable":true,"href":"https:\/\/www.prefektidurres.gov.al\/index.php\/wp-json\/wp\/v2\/media\/2663"}],"wp:attachment":[{"href":"https:\/\/www.prefektidurres.gov.al\/index.php\/wp-json\/wp\/v2\/media?parent=2662"}],"wp:term":[{"taxonomy":"category","embeddable":true,"href":"https:\/\/www.prefektidurres.gov.al\/index.php\/wp-json\/wp\/v2\/categories?post=2662"},{"taxonomy":"post_tag","embeddable":true,"href":"https:\/\/www.prefektidurres.gov.al\/index.php\/wp-json\/wp\/v2\/tags?post=2662"}],"curies":[{"name":"wp","href":"https:\/\/api.w.org\/{rel}","templated":true}]}}