{"id":2640,"date":"2022-05-20T11:41:25","date_gmt":"2022-05-20T09:41:25","guid":{"rendered":"https:\/\/www.prefektidurres.gov.al\/?p=2640"},"modified":"2022-05-23T08:19:16","modified_gmt":"2022-05-23T06:19:16","slug":"takim-per-planin-kombetar-te-pastrimit","status":"publish","type":"post","link":"https:\/\/www.prefektidurres.gov.al\/index.php\/2022\/05\/20\/takim-per-planin-kombetar-te-pastrimit\/","title":{"rendered":"Takim p\u00ebr planin komb\u00ebtar t\u00eb pastrimit"},"content":{"rendered":"\n<p class=\"wp-block-paragraph\">Sot me dat\u00eb 20.05.2022 n\u00eb institucionin e Prefektit t\u00eb Qarkut Durr\u00ebs u mbajt nj\u00eb takim n\u00eb lidhje me aksionet e pastrimit q\u00eb do t\u00eb zhvillohen n\u00eb jav\u00ebn e ardhshme  n\u00eb kuad\u00ebr t\u00eb planit komb\u00ebtar t\u00eb pastrimit konkretisht n\u00eb zonat bregdetare.<\/p>\n\n\n\n<p class=\"wp-block-paragraph\">Prefekti dhe N\u00ebnprefekti i Qarkut Durr\u00ebs s\u00eb bashku me sektorin e Zhvillimit Urban dhe Emergjencat Civile diskutuan n\u00eb lidhje me organizimin e nism\u00ebs dy ditore me q\u00ebllim q\u00eb ky aksion t\u00eb realizohet me sukses. Prefekti n\u00eb bashk\u00ebpunim t\u00eb ngusht\u00eb me Kryetaren e Bashkis\u00eb Durr\u00ebs znj. Emiriana Sako do ndjekin m\u00eb nga af\u00ebr aksionin ku mb\u00ebshtetja dhe bashk\u00ebpunimi do t\u00eb jen\u00eb primare. <\/p>\n\n\n\n<p class=\"wp-block-paragraph\">??\u0308 ?\u0327???????\u0308 ????\u0308? ?????????? ??? ??????? ??? ?????? ?????????.<\/p>\n","protected":false},"excerpt":{"rendered":"<p>Sot me dat\u00eb 20.05.2022 n\u00eb institucionin e Prefektit t\u00eb Qarkut Durr\u00ebs u mbajt nj\u00eb takim n\u00eb lidhje me aksionet e pastrimit q\u00eb do t\u00eb zhvillohen n\u00eb jav\u00ebn e ardhshme n\u00eb kuad\u00ebr t\u00eb planit komb\u00ebtar t\u00eb pastrimit konkretisht n\u00eb zonat bregdetare. Prefekti dhe N\u00ebnprefekti i Qarkut Durr\u00ebs s\u00eb bashku me sektorin e Zhvillimit Urban dhe Emergjencat&#8230;<\/p>\n","protected":false},"author":2,"featured_media":2641,"comment_status":"open","ping_status":"open","sticky":false,"template":"","format":"standard","meta":{"footnotes":""},"categories":[1],"tags":[],"class_list":["post-2640","post","type-post","status-publish","format-standard","has-post-thumbnail","hentry","category-uncategorized"],"aioseo_notices":[],"aioseo_head":"\n\t\t<!-- All in One SEO 5.0.1.1 - aioseo.com -->\n\t<meta name=\"robots\" content=\"max-image-preview:large\" \/>\n\t<meta name=\"author\" content=\"Lori Muco\"\/>\n\t<link rel=\"canonical\" href=\"https:\/\/www.prefektidurres.gov.al\/index.php\/2022\/05\/20\/takim-per-planin-kombetar-te-pastrimit\/\" \/>\n\t<meta name=\"generator\" content=\"All in One SEO (AIOSEO) 5.0.1.1\" \/>\n\t\t<meta property=\"og:locale\" content=\"en_US\" \/>\n\t\t<meta property=\"og:site_name\" content=\"Prefekti Durres |\" \/>\n\t\t<meta property=\"og:type\" content=\"article\" \/>\n\t\t<meta property=\"og:title\" content=\"Takim p\u00ebr planin komb\u00ebtar t\u00eb pastrimit | Prefekti Durres\" \/>\n\t\t<meta property=\"og:url\" content=\"https:\/\/www.prefektidurres.gov.al\/index.php\/2022\/05\/20\/takim-per-planin-kombetar-te-pastrimit\/\" \/>\n\t\t<meta property=\"article:published_time\" content=\"2022-05-20T09:41:25+00:00\" \/>\n\t\t<meta property=\"article:modified_time\" content=\"2022-05-23T06:19:16+00:00\" \/>\n\t\t<meta name=\"twitter:card\" content=\"summary\" \/>\n\t\t<meta name=\"twitter:title\" content=\"Takim p\u00ebr planin komb\u00ebtar t\u00eb pastrimit | Prefekti Durres\" \/>\n\t\t<script type=\"application\/ld+json\" class=\"aioseo-schema\">\n\t\t\t{\"@context\":\"https:\\\/\\\/schema.org\",\"@graph\":[{\"@type\":\"Article\",\"@id\":\"https:\\\/\\\/www.prefektidurres.gov.al\\\/index.php\\\/2022\\\/05\\\/20\\\/takim-per-planin-kombetar-te-pastrimit\\\/#article\",\"name\":\"Takim p\\u00ebr planin komb\\u00ebtar t\\u00eb pastrimit | Prefekti Durres\",\"headline\":\"Takim p\\u00ebr planin komb\\u00ebtar t\\u00eb pastrimit\",\"author\":{\"@id\":\"https:\\\/\\\/www.prefektidurres.gov.al\\\/index.php\\\/author\\\/lori\\\/#author\"},\"publisher\":{\"@id\":\"https:\\\/\\\/www.prefektidurres.gov.al\\\/#organization\"},\"image\":{\"@type\":\"ImageObject\",\"url\":\"https:\\\/\\\/www.prefektidurres.gov.al\\\/wp-content\\\/uploads\\\/2022\\\/05\\\/54921e25-095c-4a45-9bc0-f1a613278359.jpg\",\"width\":1600,\"height\":1200},\"datePublished\":\"2022-05-20T11:41:25+02:00\",\"dateModified\":\"2022-05-23T08:19:16+02:00\",\"inLanguage\":\"en-US\",\"mainEntityOfPage\":{\"@id\":\"https:\\\/\\\/www.prefektidurres.gov.al\\\/index.php\\\/2022\\\/05\\\/20\\\/takim-per-planin-kombetar-te-pastrimit\\\/#webpage\"},\"isPartOf\":{\"@id\":\"https:\\\/\\\/www.prefektidurres.gov.al\\\/index.php\\\/2022\\\/05\\\/20\\\/takim-per-planin-kombetar-te-pastrimit\\\/#webpage\"},\"articleSection\":\"Uncategorized\"},{\"@type\":\"BreadcrumbList\",\"@id\":\"https:\\\/\\\/www.prefektidurres.gov.al\\\/index.php\\\/2022\\\/05\\\/20\\\/takim-per-planin-kombetar-te-pastrimit\\\/#breadcrumblist\",\"itemListElement\":[{\"@type\":\"ListItem\",\"@id\":\"https:\\\/\\\/www.prefektidurres.gov.al#listItem\",\"position\":1,\"name\":\"Home\",\"item\":\"https:\\\/\\\/www.prefektidurres.gov.al\",\"nextItem\":{\"@type\":\"ListItem\",\"@id\":\"https:\\\/\\\/www.prefektidurres.gov.al\\\/index.php\\\/category\\\/uncategorized\\\/#listItem\",\"name\":\"Uncategorized\"}},{\"@type\":\"ListItem\",\"@id\":\"https:\\\/\\\/www.prefektidurres.gov.al\\\/index.php\\\/category\\\/uncategorized\\\/#listItem\",\"position\":2,\"name\":\"Uncategorized\",\"item\":\"https:\\\/\\\/www.prefektidurres.gov.al\\\/index.php\\\/category\\\/uncategorized\\\/\",\"nextItem\":{\"@type\":\"ListItem\",\"@id\":\"https:\\\/\\\/www.prefektidurres.gov.al\\\/index.php\\\/2022\\\/05\\\/20\\\/takim-per-planin-kombetar-te-pastrimit\\\/#listItem\",\"name\":\"Takim p\\u00ebr planin komb\\u00ebtar t\\u00eb pastrimit\"},\"previousItem\":{\"@type\":\"ListItem\",\"@id\":\"https:\\\/\\\/www.prefektidurres.gov.al#listItem\",\"name\":\"Home\"}},{\"@type\":\"ListItem\",\"@id\":\"https:\\\/\\\/www.prefektidurres.gov.al\\\/index.php\\\/2022\\\/05\\\/20\\\/takim-per-planin-kombetar-te-pastrimit\\\/#listItem\",\"position\":3,\"name\":\"Takim p\\u00ebr planin komb\\u00ebtar t\\u00eb pastrimit\",\"previousItem\":{\"@type\":\"ListItem\",\"@id\":\"https:\\\/\\\/www.prefektidurres.gov.al\\\/index.php\\\/category\\\/uncategorized\\\/#listItem\",\"name\":\"Uncategorized\"}}]},{\"@type\":\"Organization\",\"@id\":\"https:\\\/\\\/www.prefektidurres.gov.al\\\/#organization\",\"name\":\"Prefekti Durres\",\"url\":\"https:\\\/\\\/www.prefektidurres.gov.al\\\/\"},{\"@type\":\"Person\",\"@id\":\"https:\\\/\\\/www.prefektidurres.gov.al\\\/index.php\\\/author\\\/lori\\\/#author\",\"url\":\"https:\\\/\\\/www.prefektidurres.gov.al\\\/index.php\\\/author\\\/lori\\\/\",\"name\":\"Lori Muco\",\"image\":{\"@type\":\"ImageObject\",\"@id\":\"https:\\\/\\\/www.prefektidurres.gov.al\\\/index.php\\\/2022\\\/05\\\/20\\\/takim-per-planin-kombetar-te-pastrimit\\\/#authorImage\",\"url\":\"https:\\\/\\\/secure.gravatar.com\\\/avatar\\\/033aff8b3e65507235ea1d295df83685e913b80c7b900114b5e5ad82f7fd7e43?s=96&d=mm&r=g\",\"width\":96,\"height\":96,\"caption\":\"Lori Muco\"}},{\"@type\":\"WebPage\",\"@id\":\"https:\\\/\\\/www.prefektidurres.gov.al\\\/index.php\\\/2022\\\/05\\\/20\\\/takim-per-planin-kombetar-te-pastrimit\\\/#webpage\",\"url\":\"https:\\\/\\\/www.prefektidurres.gov.al\\\/index.php\\\/2022\\\/05\\\/20\\\/takim-per-planin-kombetar-te-pastrimit\\\/\",\"name\":\"Takim p\\u00ebr planin komb\\u00ebtar t\\u00eb pastrimit | Prefekti Durres\",\"inLanguage\":\"en-US\",\"isPartOf\":{\"@id\":\"https:\\\/\\\/www.prefektidurres.gov.al\\\/#website\"},\"breadcrumb\":{\"@id\":\"https:\\\/\\\/www.prefektidurres.gov.al\\\/index.php\\\/2022\\\/05\\\/20\\\/takim-per-planin-kombetar-te-pastrimit\\\/#breadcrumblist\"},\"author\":{\"@id\":\"https:\\\/\\\/www.prefektidurres.gov.al\\\/index.php\\\/author\\\/lori\\\/#author\"},\"creator\":{\"@id\":\"https:\\\/\\\/www.prefektidurres.gov.al\\\/index.php\\\/author\\\/lori\\\/#author\"},\"image\":{\"@type\":\"ImageObject\",\"url\":\"https:\\\/\\\/www.prefektidurres.gov.al\\\/wp-content\\\/uploads\\\/2022\\\/05\\\/54921e25-095c-4a45-9bc0-f1a613278359.jpg\",\"@id\":\"https:\\\/\\\/www.prefektidurres.gov.al\\\/index.php\\\/2022\\\/05\\\/20\\\/takim-per-planin-kombetar-te-pastrimit\\\/#mainImage\",\"width\":1600,\"height\":1200},\"primaryImageOfPage\":{\"@id\":\"https:\\\/\\\/www.prefektidurres.gov.al\\\/index.php\\\/2022\\\/05\\\/20\\\/takim-per-planin-kombetar-te-pastrimit\\\/#mainImage\"},\"datePublished\":\"2022-05-20T11:41:25+02:00\",\"dateModified\":\"2022-05-23T08:19:16+02:00\"},{\"@type\":\"WebSite\",\"@id\":\"https:\\\/\\\/www.prefektidurres.gov.al\\\/#website\",\"url\":\"https:\\\/\\\/www.prefektidurres.gov.al\\\/\",\"name\":\"Prefekti Durres\",\"inLanguage\":\"en-US\",\"publisher\":{\"@id\":\"https:\\\/\\\/www.prefektidurres.gov.al\\\/#organization\"}}]}\n\t\t<\/script>\n\t\t<!-- All in One SEO -->\n\n","aioseo_head_json":{"title":"Takim p\u00ebr planin komb\u00ebtar t\u00eb pastrimit | Prefekti Durres","description":"","canonical_url":"https:\/\/www.prefektidurres.gov.al\/index.php\/2022\/05\/20\/takim-per-planin-kombetar-te-pastrimit\/","robots":"max-image-preview:large","keywords":"","webmasterTools":{"miscellaneous":""},"schema":{"@context":"https:\/\/schema.org","@graph":[{"@type":"Article","@id":"https:\/\/www.prefektidurres.gov.al\/index.php\/2022\/05\/20\/takim-per-planin-kombetar-te-pastrimit\/#article","name":"Takim p\u00ebr planin komb\u00ebtar t\u00eb pastrimit | Prefekti Durres","headline":"Takim p\u00ebr planin komb\u00ebtar t\u00eb pastrimit","author":{"@id":"https:\/\/www.prefektidurres.gov.al\/index.php\/author\/lori\/#author"},"publisher":{"@id":"https:\/\/www.prefektidurres.gov.al\/#organization"},"image":{"@type":"ImageObject","url":"https:\/\/www.prefektidurres.gov.al\/wp-content\/uploads\/2022\/05\/54921e25-095c-4a45-9bc0-f1a613278359.jpg","width":1600,"height":1200},"datePublished":"2022-05-20T11:41:25+02:00","dateModified":"2022-05-23T08:19:16+02:00","inLanguage":"en-US","mainEntityOfPage":{"@id":"https:\/\/www.prefektidurres.gov.al\/index.php\/2022\/05\/20\/takim-per-planin-kombetar-te-pastrimit\/#webpage"},"isPartOf":{"@id":"https:\/\/www.prefektidurres.gov.al\/index.php\/2022\/05\/20\/takim-per-planin-kombetar-te-pastrimit\/#webpage"},"articleSection":"Uncategorized"},{"@type":"BreadcrumbList","@id":"https:\/\/www.prefektidurres.gov.al\/index.php\/2022\/05\/20\/takim-per-planin-kombetar-te-pastrimit\/#breadcrumblist","itemListElement":[{"@type":"ListItem","@id":"https:\/\/www.prefektidurres.gov.al#listItem","position":1,"name":"Home","item":"https:\/\/www.prefektidurres.gov.al","nextItem":{"@type":"ListItem","@id":"https:\/\/www.prefektidurres.gov.al\/index.php\/category\/uncategorized\/#listItem","name":"Uncategorized"}},{"@type":"ListItem","@id":"https:\/\/www.prefektidurres.gov.al\/index.php\/category\/uncategorized\/#listItem","position":2,"name":"Uncategorized","item":"https:\/\/www.prefektidurres.gov.al\/index.php\/category\/uncategorized\/","nextItem":{"@type":"ListItem","@id":"https:\/\/www.prefektidurres.gov.al\/index.php\/2022\/05\/20\/takim-per-planin-kombetar-te-pastrimit\/#listItem","name":"Takim p\u00ebr planin komb\u00ebtar t\u00eb pastrimit"},"previousItem":{"@type":"ListItem","@id":"https:\/\/www.prefektidurres.gov.al#listItem","name":"Home"}},{"@type":"ListItem","@id":"https:\/\/www.prefektidurres.gov.al\/index.php\/2022\/05\/20\/takim-per-planin-kombetar-te-pastrimit\/#listItem","position":3,"name":"Takim p\u00ebr planin komb\u00ebtar t\u00eb pastrimit","previousItem":{"@type":"ListItem","@id":"https:\/\/www.prefektidurres.gov.al\/index.php\/category\/uncategorized\/#listItem","name":"Uncategorized"}}]},{"@type":"Organization","@id":"https:\/\/www.prefektidurres.gov.al\/#organization","name":"Prefekti Durres","url":"https:\/\/www.prefektidurres.gov.al\/"},{"@type":"Person","@id":"https:\/\/www.prefektidurres.gov.al\/index.php\/author\/lori\/#author","url":"https:\/\/www.prefektidurres.gov.al\/index.php\/author\/lori\/","name":"Lori Muco","image":{"@type":"ImageObject","@id":"https:\/\/www.prefektidurres.gov.al\/index.php\/2022\/05\/20\/takim-per-planin-kombetar-te-pastrimit\/#authorImage","url":"https:\/\/secure.gravatar.com\/avatar\/033aff8b3e65507235ea1d295df83685e913b80c7b900114b5e5ad82f7fd7e43?s=96&d=mm&r=g","width":96,"height":96,"caption":"Lori Muco"}},{"@type":"WebPage","@id":"https:\/\/www.prefektidurres.gov.al\/index.php\/2022\/05\/20\/takim-per-planin-kombetar-te-pastrimit\/#webpage","url":"https:\/\/www.prefektidurres.gov.al\/index.php\/2022\/05\/20\/takim-per-planin-kombetar-te-pastrimit\/","name":"Takim p\u00ebr planin komb\u00ebtar t\u00eb pastrimit | Prefekti Durres","inLanguage":"en-US","isPartOf":{"@id":"https:\/\/www.prefektidurres.gov.al\/#website"},"breadcrumb":{"@id":"https:\/\/www.prefektidurres.gov.al\/index.php\/2022\/05\/20\/takim-per-planin-kombetar-te-pastrimit\/#breadcrumblist"},"author":{"@id":"https:\/\/www.prefektidurres.gov.al\/index.php\/author\/lori\/#author"},"creator":{"@id":"https:\/\/www.prefektidurres.gov.al\/index.php\/author\/lori\/#author"},"image":{"@type":"ImageObject","url":"https:\/\/www.prefektidurres.gov.al\/wp-content\/uploads\/2022\/05\/54921e25-095c-4a45-9bc0-f1a613278359.jpg","@id":"https:\/\/www.prefektidurres.gov.al\/index.php\/2022\/05\/20\/takim-per-planin-kombetar-te-pastrimit\/#mainImage","width":1600,"height":1200},"primaryImageOfPage":{"@id":"https:\/\/www.prefektidurres.gov.al\/index.php\/2022\/05\/20\/takim-per-planin-kombetar-te-pastrimit\/#mainImage"},"datePublished":"2022-05-20T11:41:25+02:00","dateModified":"2022-05-23T08:19:16+02:00"},{"@type":"WebSite","@id":"https:\/\/www.prefektidurres.gov.al\/#website","url":"https:\/\/www.prefektidurres.gov.al\/","name":"Prefekti Durres","inLanguage":"en-US","publisher":{"@id":"https:\/\/www.prefektidurres.gov.al\/#organization"}}]},"og:locale":"en_US","og:site_name":"Prefekti Durres |","og:type":"article","og:title":"Takim p\u00ebr planin komb\u00ebtar t\u00eb pastrimit | Prefekti Durres","og:url":"https:\/\/www.prefektidurres.gov.al\/index.php\/2022\/05\/20\/takim-per-planin-kombetar-te-pastrimit\/","article:published_time":"2022-05-20T09:41:25+00:00","article:modified_time":"2022-05-23T06:19:16+00:00","twitter:card":"summary","twitter:title":"Takim p\u00ebr planin komb\u00ebtar t\u00eb pastrimit | Prefekti Durres"},"aioseo_meta_data":{"post_id":"2640","title":null,"description":null,"keywords":[],"keyphrases":{"focus":{"keyphrase":"","score":0,"analysis":{"keyphraseInTitle":{"score":0,"maxScore":9,"error":1}}},"additional":[]},"primary_term":null,"canonical_url":null,"og_title":null,"og_description":null,"og_object_type":"default","og_image_type":"default","og_image_url":null,"og_image_width":null,"og_image_height":null,"og_image_custom_url":null,"og_image_custom_fields":null,"og_video":"","og_custom_url":null,"og_article_section":null,"og_article_tags":[],"twitter_use_og":false,"twitter_card":"default","twitter_image_type":"default","twitter_image_url":null,"twitter_image_custom_url":null,"twitter_image_custom_fields":null,"twitter_title":null,"twitter_description":null,"schema":{"blockGraphs":[],"customGraphs":[],"default":{"data":{"Article":{"id":"aioseo-article-63a38ed4462a2","slug":"article","graphName":"Article","label":"Article","properties":{"type":"BlogPosting","name":"#post_title","headline":"#post_title","description":"#post_excerpt","image":"","keywords":"","author":{"name":"#author_name","url":"#author_url"},"dates":{"include":true,"datePublished":"","dateModified":""}}},"Course":[],"Dataset":[],"FAQPage":[],"Movie":[],"Person":[],"Product":[],"ProductReview":[],"Car":[],"Recipe":[],"Service":[],"SoftwareApplication":[],"WebPage":[]},"graphName":"Article","isEnabled":true},"graphs":[]},"schema_type":"default","schema_type_options":"{\"article\":{\"articleType\":\"BlogPosting\"},\"course\":{\"name\":\"\",\"description\":\"\",\"provider\":\"\"},\"faq\":{\"pages\":[]},\"product\":{\"reviews\":[]},\"recipe\":{\"ingredients\":[],\"instructions\":[],\"keywords\":[]},\"software\":{\"reviews\":[],\"operatingSystems\":[]},\"webPage\":{\"webPageType\":\"WebPage\"}}","pillar_content":false,"robots_default":true,"robots_noindex":false,"robots_noarchive":false,"robots_nosnippet":false,"robots_nofollow":false,"robots_noimageindex":false,"robots_noodp":false,"robots_notranslate":false,"robots_max_snippet":"-1","robots_max_videopreview":"-1","robots_max_imagepreview":"large","priority":null,"frequency":"default","location":null,"local_seo":null,"breadcrumb_settings":null,"limit_modified_date":false,"ai":null,"created":"2022-05-20 09:37:30","updated":"2025-11-03 08:51:49","seo_analyzer_scan_date":null,"focus_keyword":null,"additional_keywords":null,"truseo_locale":null},"aioseo_breadcrumb":"<div class=\"aioseo-breadcrumbs\"><span class=\"aioseo-breadcrumb\">\n\t\t\t<a href=\"https:\/\/www.prefektidurres.gov.al\" title=\"Home\">Home<\/a>\n\t\t<\/span><span class=\"aioseo-breadcrumb-separator\">&raquo;<\/span><span class=\"aioseo-breadcrumb\">\n\t\t\t<a href=\"https:\/\/www.prefektidurres.gov.al\/index.php\/category\/uncategorized\/\" title=\"Uncategorized\">Uncategorized<\/a>\n\t\t<\/span><span class=\"aioseo-breadcrumb-separator\">&raquo;<\/span><span class=\"aioseo-breadcrumb\">\n\t\t\tTakim p\u00ebr planin komb\u00ebtar t\u00eb pastrimit\n\t\t<\/span><\/div>","aioseo_breadcrumb_json":[{"label":"Home","link":"https:\/\/www.prefektidurres.gov.al"},{"label":"Uncategorized","link":"https:\/\/www.prefektidurres.gov.al\/index.php\/category\/uncategorized\/"},{"label":"Takim p\u00ebr planin komb\u00ebtar t\u00eb pastrimit","link":"https:\/\/www.prefektidurres.gov.al\/index.php\/2022\/05\/20\/takim-per-planin-kombetar-te-pastrimit\/"}],"_links":{"self":[{"href":"https:\/\/www.prefektidurres.gov.al\/index.php\/wp-json\/wp\/v2\/posts\/2640","targetHints":{"allow":["GET"]}}],"collection":[{"href":"https:\/\/www.prefektidurres.gov.al\/index.php\/wp-json\/wp\/v2\/posts"}],"about":[{"href":"https:\/\/www.prefektidurres.gov.al\/index.php\/wp-json\/wp\/v2\/types\/post"}],"author":[{"embeddable":true,"href":"https:\/\/www.prefektidurres.gov.al\/index.php\/wp-json\/wp\/v2\/users\/2"}],"replies":[{"embeddable":true,"href":"https:\/\/www.prefektidurres.gov.al\/index.php\/wp-json\/wp\/v2\/comments?post=2640"}],"version-history":[{"count":4,"href":"https:\/\/www.prefektidurres.gov.al\/index.php\/wp-json\/wp\/v2\/posts\/2640\/revisions"}],"predecessor-version":[{"id":2645,"href":"https:\/\/www.prefektidurres.gov.al\/index.php\/wp-json\/wp\/v2\/posts\/2640\/revisions\/2645"}],"wp:featuredmedia":[{"embeddable":true,"href":"https:\/\/www.prefektidurres.gov.al\/index.php\/wp-json\/wp\/v2\/media\/2641"}],"wp:attachment":[{"href":"https:\/\/www.prefektidurres.gov.al\/index.php\/wp-json\/wp\/v2\/media?parent=2640"}],"wp:term":[{"taxonomy":"category","embeddable":true,"href":"https:\/\/www.prefektidurres.gov.al\/index.php\/wp-json\/wp\/v2\/categories?post=2640"},{"taxonomy":"post_tag","embeddable":true,"href":"https:\/\/www.prefektidurres.gov.al\/index.php\/wp-json\/wp\/v2\/tags?post=2640"}],"curies":[{"name":"wp","href":"https:\/\/api.w.org\/{rel}","templated":true}]}}