{"id":2637,"date":"2022-05-18T22:28:00","date_gmt":"2022-05-18T20:28:00","guid":{"rendered":"https:\/\/www.prefektidurres.gov.al\/?p=2637"},"modified":"2022-05-19T10:31:42","modified_gmt":"2022-05-19T08:31:42","slug":"mbledhja-e-komitetit-rajonal-te-zhvillimit-te-turizmit-2","status":"publish","type":"post","link":"https:\/\/www.prefektidurres.gov.al\/index.php\/2022\/05\/18\/mbledhja-e-komitetit-rajonal-te-zhvillimit-te-turizmit-2\/","title":{"rendered":"Mbledhja e Komitetit Rajonal t\u00eb Zhvillimit t\u00eb Turizmit"},"content":{"rendered":"\n<p class=\"wp-block-paragraph\">Sot m\u00eb dat\u00eb 18.05.2022 u zhvillua mbledhja e Komitetit Rajonal t\u00eb Zhvillimit t\u00eb Turizmit, e drejtuar nga Prefekti i Qarkut Durr\u00ebs z. Emiljan Jani.<\/p>\n\n\n\n<p class=\"wp-block-paragraph\">N\u00eb k\u00ebt\u00eb takim ishin t\u00eb pranish\u00ebm: N\u00ebn\/Kryetari i Bashkis\u00eb Durr\u00ebs, Drejtori i Autoritetit Portual Durr\u00ebs, Drejtues t\u00eb Deg\u00ebve Territoriale t\u00eb Qarkut, Drejtues t\u00eb Organeve t\u00eb Vet\u00ebqeverisjes Vendore, Kryetari i Shoqat\u00ebs s\u00eb Turizmit Ata Horeca dhe Operator\u00eb Turistik.<\/p>\n\n\n\n<p class=\"wp-block-paragraph\">Gjat\u00eb mbledhjes u diskutua p\u00ebr p\u00ebrcaktimin e objektivave dhe m\u00ebnyrave p\u00ebr promovimin e turizmit n\u00eb qark, ngritja e task-forcave p\u00ebr menaxhimin dhe mbar\u00ebvajtjen e sezonit turistik veror si dhe marrjen e masave p\u00ebr mir\u00ebmbajtjen e rrug\u00ebve drejt destinacioneve turistike.<\/p>\n\n\n\n<p class=\"wp-block-paragraph\">Nd\u00ebr t\u00eb tjera Prefekti k\u00ebrkoi angazhim t\u00eb plot\u00eb nga \u00e7do institucion n\u00eb zbatimin e planit t\u00eb masave si dhe bashk\u00ebpunimin e tyre me organet e rendit p\u00ebr marrjen e masave efektive p\u00ebr sigurin\u00eb publike gjat\u00eb gjith\u00eb sezonit turistik.<\/p>\n","protected":false},"excerpt":{"rendered":"<p>Sot m\u00eb dat\u00eb 18.05.2022 u zhvillua mbledhja e Komitetit Rajonal t\u00eb Zhvillimit t\u00eb Turizmit, e drejtuar nga Prefekti i Qarkut Durr\u00ebs z. Emiljan Jani. N\u00eb k\u00ebt\u00eb takim ishin t\u00eb pranish\u00ebm: N\u00ebn\/Kryetari i Bashkis\u00eb Durr\u00ebs, Drejtori i Autoritetit Portual Durr\u00ebs, Drejtues t\u00eb Deg\u00ebve Territoriale t\u00eb Qarkut, Drejtues t\u00eb Organeve t\u00eb Vet\u00ebqeverisjes Vendore, Kryetari i Shoqat\u00ebs s\u00eb&#8230;<\/p>\n","protected":false},"author":2,"featured_media":2638,"comment_status":"open","ping_status":"open","sticky":false,"template":"","format":"standard","meta":{"footnotes":""},"categories":[1],"tags":[],"class_list":["post-2637","post","type-post","status-publish","format-standard","has-post-thumbnail","hentry","category-uncategorized"],"aioseo_notices":[],"aioseo_head":"\n\t\t<!-- All in One SEO 5.0.1.1 - aioseo.com -->\n\t<meta name=\"robots\" content=\"max-image-preview:large\" \/>\n\t<meta name=\"author\" content=\"Lori Muco\"\/>\n\t<link rel=\"canonical\" href=\"https:\/\/www.prefektidurres.gov.al\/index.php\/2022\/05\/18\/mbledhja-e-komitetit-rajonal-te-zhvillimit-te-turizmit-2\/\" \/>\n\t<meta name=\"generator\" content=\"All in One SEO (AIOSEO) 5.0.1.1\" \/>\n\t\t<meta property=\"og:locale\" content=\"en_US\" \/>\n\t\t<meta property=\"og:site_name\" content=\"Prefekti Durres |\" \/>\n\t\t<meta property=\"og:type\" content=\"article\" \/>\n\t\t<meta property=\"og:title\" content=\"Mbledhja e Komitetit Rajonal t\u00eb Zhvillimit t\u00eb Turizmit | Prefekti Durres\" \/>\n\t\t<meta property=\"og:url\" content=\"https:\/\/www.prefektidurres.gov.al\/index.php\/2022\/05\/18\/mbledhja-e-komitetit-rajonal-te-zhvillimit-te-turizmit-2\/\" \/>\n\t\t<meta property=\"article:published_time\" content=\"2022-05-18T20:28:00+00:00\" \/>\n\t\t<meta property=\"article:modified_time\" content=\"2022-05-19T08:31:42+00:00\" \/>\n\t\t<meta name=\"twitter:card\" content=\"summary\" \/>\n\t\t<meta name=\"twitter:title\" content=\"Mbledhja e Komitetit Rajonal t\u00eb Zhvillimit t\u00eb Turizmit | Prefekti Durres\" \/>\n\t\t<script type=\"application\/ld+json\" class=\"aioseo-schema\">\n\t\t\t{\"@context\":\"https:\\\/\\\/schema.org\",\"@graph\":[{\"@type\":\"Article\",\"@id\":\"https:\\\/\\\/www.prefektidurres.gov.al\\\/index.php\\\/2022\\\/05\\\/18\\\/mbledhja-e-komitetit-rajonal-te-zhvillimit-te-turizmit-2\\\/#article\",\"name\":\"Mbledhja e Komitetit Rajonal t\\u00eb Zhvillimit t\\u00eb Turizmit | Prefekti Durres\",\"headline\":\"Mbledhja e Komitetit Rajonal t\\u00eb Zhvillimit t\\u00eb Turizmit\",\"author\":{\"@id\":\"https:\\\/\\\/www.prefektidurres.gov.al\\\/index.php\\\/author\\\/lori\\\/#author\"},\"publisher\":{\"@id\":\"https:\\\/\\\/www.prefektidurres.gov.al\\\/#organization\"},\"image\":{\"@type\":\"ImageObject\",\"url\":\"https:\\\/\\\/www.prefektidurres.gov.al\\\/wp-content\\\/uploads\\\/2022\\\/05\\\/WhatsApp-Image-2022-05-18-at-12.24.16-PM.jpeg\",\"width\":1600,\"height\":1200},\"datePublished\":\"2022-05-18T22:28:00+02:00\",\"dateModified\":\"2022-05-19T10:31:42+02:00\",\"inLanguage\":\"en-US\",\"mainEntityOfPage\":{\"@id\":\"https:\\\/\\\/www.prefektidurres.gov.al\\\/index.php\\\/2022\\\/05\\\/18\\\/mbledhja-e-komitetit-rajonal-te-zhvillimit-te-turizmit-2\\\/#webpage\"},\"isPartOf\":{\"@id\":\"https:\\\/\\\/www.prefektidurres.gov.al\\\/index.php\\\/2022\\\/05\\\/18\\\/mbledhja-e-komitetit-rajonal-te-zhvillimit-te-turizmit-2\\\/#webpage\"},\"articleSection\":\"Uncategorized\"},{\"@type\":\"BreadcrumbList\",\"@id\":\"https:\\\/\\\/www.prefektidurres.gov.al\\\/index.php\\\/2022\\\/05\\\/18\\\/mbledhja-e-komitetit-rajonal-te-zhvillimit-te-turizmit-2\\\/#breadcrumblist\",\"itemListElement\":[{\"@type\":\"ListItem\",\"@id\":\"https:\\\/\\\/www.prefektidurres.gov.al#listItem\",\"position\":1,\"name\":\"Home\",\"item\":\"https:\\\/\\\/www.prefektidurres.gov.al\",\"nextItem\":{\"@type\":\"ListItem\",\"@id\":\"https:\\\/\\\/www.prefektidurres.gov.al\\\/index.php\\\/category\\\/uncategorized\\\/#listItem\",\"name\":\"Uncategorized\"}},{\"@type\":\"ListItem\",\"@id\":\"https:\\\/\\\/www.prefektidurres.gov.al\\\/index.php\\\/category\\\/uncategorized\\\/#listItem\",\"position\":2,\"name\":\"Uncategorized\",\"item\":\"https:\\\/\\\/www.prefektidurres.gov.al\\\/index.php\\\/category\\\/uncategorized\\\/\",\"nextItem\":{\"@type\":\"ListItem\",\"@id\":\"https:\\\/\\\/www.prefektidurres.gov.al\\\/index.php\\\/2022\\\/05\\\/18\\\/mbledhja-e-komitetit-rajonal-te-zhvillimit-te-turizmit-2\\\/#listItem\",\"name\":\"Mbledhja e Komitetit Rajonal t\\u00eb Zhvillimit t\\u00eb Turizmit\"},\"previousItem\":{\"@type\":\"ListItem\",\"@id\":\"https:\\\/\\\/www.prefektidurres.gov.al#listItem\",\"name\":\"Home\"}},{\"@type\":\"ListItem\",\"@id\":\"https:\\\/\\\/www.prefektidurres.gov.al\\\/index.php\\\/2022\\\/05\\\/18\\\/mbledhja-e-komitetit-rajonal-te-zhvillimit-te-turizmit-2\\\/#listItem\",\"position\":3,\"name\":\"Mbledhja e Komitetit Rajonal t\\u00eb Zhvillimit t\\u00eb Turizmit\",\"previousItem\":{\"@type\":\"ListItem\",\"@id\":\"https:\\\/\\\/www.prefektidurres.gov.al\\\/index.php\\\/category\\\/uncategorized\\\/#listItem\",\"name\":\"Uncategorized\"}}]},{\"@type\":\"Organization\",\"@id\":\"https:\\\/\\\/www.prefektidurres.gov.al\\\/#organization\",\"name\":\"Prefekti Durres\",\"url\":\"https:\\\/\\\/www.prefektidurres.gov.al\\\/\"},{\"@type\":\"Person\",\"@id\":\"https:\\\/\\\/www.prefektidurres.gov.al\\\/index.php\\\/author\\\/lori\\\/#author\",\"url\":\"https:\\\/\\\/www.prefektidurres.gov.al\\\/index.php\\\/author\\\/lori\\\/\",\"name\":\"Lori Muco\",\"image\":{\"@type\":\"ImageObject\",\"@id\":\"https:\\\/\\\/www.prefektidurres.gov.al\\\/index.php\\\/2022\\\/05\\\/18\\\/mbledhja-e-komitetit-rajonal-te-zhvillimit-te-turizmit-2\\\/#authorImage\",\"url\":\"https:\\\/\\\/secure.gravatar.com\\\/avatar\\\/033aff8b3e65507235ea1d295df83685e913b80c7b900114b5e5ad82f7fd7e43?s=96&d=mm&r=g\",\"width\":96,\"height\":96,\"caption\":\"Lori Muco\"}},{\"@type\":\"WebPage\",\"@id\":\"https:\\\/\\\/www.prefektidurres.gov.al\\\/index.php\\\/2022\\\/05\\\/18\\\/mbledhja-e-komitetit-rajonal-te-zhvillimit-te-turizmit-2\\\/#webpage\",\"url\":\"https:\\\/\\\/www.prefektidurres.gov.al\\\/index.php\\\/2022\\\/05\\\/18\\\/mbledhja-e-komitetit-rajonal-te-zhvillimit-te-turizmit-2\\\/\",\"name\":\"Mbledhja e Komitetit Rajonal t\\u00eb Zhvillimit t\\u00eb Turizmit | Prefekti Durres\",\"inLanguage\":\"en-US\",\"isPartOf\":{\"@id\":\"https:\\\/\\\/www.prefektidurres.gov.al\\\/#website\"},\"breadcrumb\":{\"@id\":\"https:\\\/\\\/www.prefektidurres.gov.al\\\/index.php\\\/2022\\\/05\\\/18\\\/mbledhja-e-komitetit-rajonal-te-zhvillimit-te-turizmit-2\\\/#breadcrumblist\"},\"author\":{\"@id\":\"https:\\\/\\\/www.prefektidurres.gov.al\\\/index.php\\\/author\\\/lori\\\/#author\"},\"creator\":{\"@id\":\"https:\\\/\\\/www.prefektidurres.gov.al\\\/index.php\\\/author\\\/lori\\\/#author\"},\"image\":{\"@type\":\"ImageObject\",\"url\":\"https:\\\/\\\/www.prefektidurres.gov.al\\\/wp-content\\\/uploads\\\/2022\\\/05\\\/WhatsApp-Image-2022-05-18-at-12.24.16-PM.jpeg\",\"@id\":\"https:\\\/\\\/www.prefektidurres.gov.al\\\/index.php\\\/2022\\\/05\\\/18\\\/mbledhja-e-komitetit-rajonal-te-zhvillimit-te-turizmit-2\\\/#mainImage\",\"width\":1600,\"height\":1200},\"primaryImageOfPage\":{\"@id\":\"https:\\\/\\\/www.prefektidurres.gov.al\\\/index.php\\\/2022\\\/05\\\/18\\\/mbledhja-e-komitetit-rajonal-te-zhvillimit-te-turizmit-2\\\/#mainImage\"},\"datePublished\":\"2022-05-18T22:28:00+02:00\",\"dateModified\":\"2022-05-19T10:31:42+02:00\"},{\"@type\":\"WebSite\",\"@id\":\"https:\\\/\\\/www.prefektidurres.gov.al\\\/#website\",\"url\":\"https:\\\/\\\/www.prefektidurres.gov.al\\\/\",\"name\":\"Prefekti Durres\",\"inLanguage\":\"en-US\",\"publisher\":{\"@id\":\"https:\\\/\\\/www.prefektidurres.gov.al\\\/#organization\"}}]}\n\t\t<\/script>\n\t\t<!-- All in One SEO -->\n\n","aioseo_head_json":{"title":"Mbledhja e Komitetit Rajonal t\u00eb Zhvillimit t\u00eb Turizmit | Prefekti Durres","description":"","canonical_url":"https:\/\/www.prefektidurres.gov.al\/index.php\/2022\/05\/18\/mbledhja-e-komitetit-rajonal-te-zhvillimit-te-turizmit-2\/","robots":"max-image-preview:large","keywords":"","webmasterTools":{"miscellaneous":""},"schema":{"@context":"https:\/\/schema.org","@graph":[{"@type":"Article","@id":"https:\/\/www.prefektidurres.gov.al\/index.php\/2022\/05\/18\/mbledhja-e-komitetit-rajonal-te-zhvillimit-te-turizmit-2\/#article","name":"Mbledhja e Komitetit Rajonal t\u00eb Zhvillimit t\u00eb Turizmit | Prefekti Durres","headline":"Mbledhja e Komitetit Rajonal t\u00eb Zhvillimit t\u00eb Turizmit","author":{"@id":"https:\/\/www.prefektidurres.gov.al\/index.php\/author\/lori\/#author"},"publisher":{"@id":"https:\/\/www.prefektidurres.gov.al\/#organization"},"image":{"@type":"ImageObject","url":"https:\/\/www.prefektidurres.gov.al\/wp-content\/uploads\/2022\/05\/WhatsApp-Image-2022-05-18-at-12.24.16-PM.jpeg","width":1600,"height":1200},"datePublished":"2022-05-18T22:28:00+02:00","dateModified":"2022-05-19T10:31:42+02:00","inLanguage":"en-US","mainEntityOfPage":{"@id":"https:\/\/www.prefektidurres.gov.al\/index.php\/2022\/05\/18\/mbledhja-e-komitetit-rajonal-te-zhvillimit-te-turizmit-2\/#webpage"},"isPartOf":{"@id":"https:\/\/www.prefektidurres.gov.al\/index.php\/2022\/05\/18\/mbledhja-e-komitetit-rajonal-te-zhvillimit-te-turizmit-2\/#webpage"},"articleSection":"Uncategorized"},{"@type":"BreadcrumbList","@id":"https:\/\/www.prefektidurres.gov.al\/index.php\/2022\/05\/18\/mbledhja-e-komitetit-rajonal-te-zhvillimit-te-turizmit-2\/#breadcrumblist","itemListElement":[{"@type":"ListItem","@id":"https:\/\/www.prefektidurres.gov.al#listItem","position":1,"name":"Home","item":"https:\/\/www.prefektidurres.gov.al","nextItem":{"@type":"ListItem","@id":"https:\/\/www.prefektidurres.gov.al\/index.php\/category\/uncategorized\/#listItem","name":"Uncategorized"}},{"@type":"ListItem","@id":"https:\/\/www.prefektidurres.gov.al\/index.php\/category\/uncategorized\/#listItem","position":2,"name":"Uncategorized","item":"https:\/\/www.prefektidurres.gov.al\/index.php\/category\/uncategorized\/","nextItem":{"@type":"ListItem","@id":"https:\/\/www.prefektidurres.gov.al\/index.php\/2022\/05\/18\/mbledhja-e-komitetit-rajonal-te-zhvillimit-te-turizmit-2\/#listItem","name":"Mbledhja e Komitetit Rajonal t\u00eb Zhvillimit t\u00eb Turizmit"},"previousItem":{"@type":"ListItem","@id":"https:\/\/www.prefektidurres.gov.al#listItem","name":"Home"}},{"@type":"ListItem","@id":"https:\/\/www.prefektidurres.gov.al\/index.php\/2022\/05\/18\/mbledhja-e-komitetit-rajonal-te-zhvillimit-te-turizmit-2\/#listItem","position":3,"name":"Mbledhja e Komitetit Rajonal t\u00eb Zhvillimit t\u00eb Turizmit","previousItem":{"@type":"ListItem","@id":"https:\/\/www.prefektidurres.gov.al\/index.php\/category\/uncategorized\/#listItem","name":"Uncategorized"}}]},{"@type":"Organization","@id":"https:\/\/www.prefektidurres.gov.al\/#organization","name":"Prefekti Durres","url":"https:\/\/www.prefektidurres.gov.al\/"},{"@type":"Person","@id":"https:\/\/www.prefektidurres.gov.al\/index.php\/author\/lori\/#author","url":"https:\/\/www.prefektidurres.gov.al\/index.php\/author\/lori\/","name":"Lori Muco","image":{"@type":"ImageObject","@id":"https:\/\/www.prefektidurres.gov.al\/index.php\/2022\/05\/18\/mbledhja-e-komitetit-rajonal-te-zhvillimit-te-turizmit-2\/#authorImage","url":"https:\/\/secure.gravatar.com\/avatar\/033aff8b3e65507235ea1d295df83685e913b80c7b900114b5e5ad82f7fd7e43?s=96&d=mm&r=g","width":96,"height":96,"caption":"Lori Muco"}},{"@type":"WebPage","@id":"https:\/\/www.prefektidurres.gov.al\/index.php\/2022\/05\/18\/mbledhja-e-komitetit-rajonal-te-zhvillimit-te-turizmit-2\/#webpage","url":"https:\/\/www.prefektidurres.gov.al\/index.php\/2022\/05\/18\/mbledhja-e-komitetit-rajonal-te-zhvillimit-te-turizmit-2\/","name":"Mbledhja e Komitetit Rajonal t\u00eb Zhvillimit t\u00eb Turizmit | Prefekti Durres","inLanguage":"en-US","isPartOf":{"@id":"https:\/\/www.prefektidurres.gov.al\/#website"},"breadcrumb":{"@id":"https:\/\/www.prefektidurres.gov.al\/index.php\/2022\/05\/18\/mbledhja-e-komitetit-rajonal-te-zhvillimit-te-turizmit-2\/#breadcrumblist"},"author":{"@id":"https:\/\/www.prefektidurres.gov.al\/index.php\/author\/lori\/#author"},"creator":{"@id":"https:\/\/www.prefektidurres.gov.al\/index.php\/author\/lori\/#author"},"image":{"@type":"ImageObject","url":"https:\/\/www.prefektidurres.gov.al\/wp-content\/uploads\/2022\/05\/WhatsApp-Image-2022-05-18-at-12.24.16-PM.jpeg","@id":"https:\/\/www.prefektidurres.gov.al\/index.php\/2022\/05\/18\/mbledhja-e-komitetit-rajonal-te-zhvillimit-te-turizmit-2\/#mainImage","width":1600,"height":1200},"primaryImageOfPage":{"@id":"https:\/\/www.prefektidurres.gov.al\/index.php\/2022\/05\/18\/mbledhja-e-komitetit-rajonal-te-zhvillimit-te-turizmit-2\/#mainImage"},"datePublished":"2022-05-18T22:28:00+02:00","dateModified":"2022-05-19T10:31:42+02:00"},{"@type":"WebSite","@id":"https:\/\/www.prefektidurres.gov.al\/#website","url":"https:\/\/www.prefektidurres.gov.al\/","name":"Prefekti Durres","inLanguage":"en-US","publisher":{"@id":"https:\/\/www.prefektidurres.gov.al\/#organization"}}]},"og:locale":"en_US","og:site_name":"Prefekti Durres |","og:type":"article","og:title":"Mbledhja e Komitetit Rajonal t\u00eb Zhvillimit t\u00eb Turizmit | Prefekti Durres","og:url":"https:\/\/www.prefektidurres.gov.al\/index.php\/2022\/05\/18\/mbledhja-e-komitetit-rajonal-te-zhvillimit-te-turizmit-2\/","article:published_time":"2022-05-18T20:28:00+00:00","article:modified_time":"2022-05-19T08:31:42+00:00","twitter:card":"summary","twitter:title":"Mbledhja e Komitetit Rajonal t\u00eb Zhvillimit t\u00eb Turizmit | Prefekti Durres"},"aioseo_meta_data":{"post_id":"2637","title":null,"description":null,"keywords":[],"keyphrases":{"focus":{"keyphrase":"","score":0,"analysis":{"keyphraseInTitle":{"score":0,"maxScore":9,"error":1}}},"additional":[]},"primary_term":null,"canonical_url":null,"og_title":null,"og_description":null,"og_object_type":"default","og_image_type":"default","og_image_url":null,"og_image_width":null,"og_image_height":null,"og_image_custom_url":null,"og_image_custom_fields":null,"og_video":"","og_custom_url":null,"og_article_section":null,"og_article_tags":[],"twitter_use_og":false,"twitter_card":"default","twitter_image_type":"default","twitter_image_url":null,"twitter_image_custom_url":null,"twitter_image_custom_fields":null,"twitter_title":null,"twitter_description":null,"schema":{"blockGraphs":[],"customGraphs":[],"default":{"data":{"Article":{"id":"aioseo-article-63a2321caa0d3","slug":"article","graphName":"Article","label":"Article","properties":{"type":"BlogPosting","name":"#post_title","headline":"#post_title","description":"#post_excerpt","image":"","keywords":"","author":{"name":"#author_name","url":"#author_url"},"dates":{"include":true,"datePublished":"","dateModified":""}}},"Course":[],"Dataset":[],"FAQPage":[],"Movie":[],"Person":[],"Product":[],"ProductReview":[],"Car":[],"Recipe":[],"Service":[],"SoftwareApplication":[],"WebPage":[]},"graphName":"Article","isEnabled":true},"graphs":[]},"schema_type":"default","schema_type_options":"{\"article\":{\"articleType\":\"BlogPosting\"},\"course\":{\"name\":\"\",\"description\":\"\",\"provider\":\"\"},\"faq\":{\"pages\":[]},\"product\":{\"reviews\":[]},\"recipe\":{\"ingredients\":[],\"instructions\":[],\"keywords\":[]},\"software\":{\"reviews\":[],\"operatingSystems\":[]},\"webPage\":{\"webPageType\":\"WebPage\"}}","pillar_content":false,"robots_default":true,"robots_noindex":false,"robots_noarchive":false,"robots_nosnippet":false,"robots_nofollow":false,"robots_noimageindex":false,"robots_noodp":false,"robots_notranslate":false,"robots_max_snippet":"-1","robots_max_videopreview":"-1","robots_max_imagepreview":"large","priority":null,"frequency":"default","location":null,"local_seo":null,"breadcrumb_settings":null,"limit_modified_date":false,"ai":null,"created":"2022-05-19 08:28:34","updated":"2025-11-03 08:51:49","seo_analyzer_scan_date":null,"focus_keyword":null,"additional_keywords":null,"truseo_locale":null},"aioseo_breadcrumb":"<div class=\"aioseo-breadcrumbs\"><span class=\"aioseo-breadcrumb\">\n\t\t\t<a href=\"https:\/\/www.prefektidurres.gov.al\" title=\"Home\">Home<\/a>\n\t\t<\/span><span class=\"aioseo-breadcrumb-separator\">&raquo;<\/span><span class=\"aioseo-breadcrumb\">\n\t\t\t<a href=\"https:\/\/www.prefektidurres.gov.al\/index.php\/category\/uncategorized\/\" title=\"Uncategorized\">Uncategorized<\/a>\n\t\t<\/span><span class=\"aioseo-breadcrumb-separator\">&raquo;<\/span><span class=\"aioseo-breadcrumb\">\n\t\t\tMbledhja e Komitetit Rajonal t\u00eb Zhvillimit t\u00eb Turizmit\n\t\t<\/span><\/div>","aioseo_breadcrumb_json":[{"label":"Home","link":"https:\/\/www.prefektidurres.gov.al"},{"label":"Uncategorized","link":"https:\/\/www.prefektidurres.gov.al\/index.php\/category\/uncategorized\/"},{"label":"Mbledhja e Komitetit Rajonal t\u00eb Zhvillimit t\u00eb Turizmit","link":"https:\/\/www.prefektidurres.gov.al\/index.php\/2022\/05\/18\/mbledhja-e-komitetit-rajonal-te-zhvillimit-te-turizmit-2\/"}],"_links":{"self":[{"href":"https:\/\/www.prefektidurres.gov.al\/index.php\/wp-json\/wp\/v2\/posts\/2637","targetHints":{"allow":["GET"]}}],"collection":[{"href":"https:\/\/www.prefektidurres.gov.al\/index.php\/wp-json\/wp\/v2\/posts"}],"about":[{"href":"https:\/\/www.prefektidurres.gov.al\/index.php\/wp-json\/wp\/v2\/types\/post"}],"author":[{"embeddable":true,"href":"https:\/\/www.prefektidurres.gov.al\/index.php\/wp-json\/wp\/v2\/users\/2"}],"replies":[{"embeddable":true,"href":"https:\/\/www.prefektidurres.gov.al\/index.php\/wp-json\/wp\/v2\/comments?post=2637"}],"version-history":[{"count":1,"href":"https:\/\/www.prefektidurres.gov.al\/index.php\/wp-json\/wp\/v2\/posts\/2637\/revisions"}],"predecessor-version":[{"id":2639,"href":"https:\/\/www.prefektidurres.gov.al\/index.php\/wp-json\/wp\/v2\/posts\/2637\/revisions\/2639"}],"wp:featuredmedia":[{"embeddable":true,"href":"https:\/\/www.prefektidurres.gov.al\/index.php\/wp-json\/wp\/v2\/media\/2638"}],"wp:attachment":[{"href":"https:\/\/www.prefektidurres.gov.al\/index.php\/wp-json\/wp\/v2\/media?parent=2637"}],"wp:term":[{"taxonomy":"category","embeddable":true,"href":"https:\/\/www.prefektidurres.gov.al\/index.php\/wp-json\/wp\/v2\/categories?post=2637"},{"taxonomy":"post_tag","embeddable":true,"href":"https:\/\/www.prefektidurres.gov.al\/index.php\/wp-json\/wp\/v2\/tags?post=2637"}],"curies":[{"name":"wp","href":"https:\/\/api.w.org\/{rel}","templated":true}]}}