{"id":2612,"date":"2022-04-27T12:20:00","date_gmt":"2022-04-27T10:20:00","guid":{"rendered":"https:\/\/www.prefektidurres.gov.al\/?p=2612"},"modified":"2022-04-28T08:31:53","modified_gmt":"2022-04-28T06:31:53","slug":"takimi-ne-kuader-te-kalimit-online-te-sherbimeve-te-gjendjes-civile","status":"publish","type":"post","link":"https:\/\/www.prefektidurres.gov.al\/index.php\/2022\/04\/27\/takimi-ne-kuader-te-kalimit-online-te-sherbimeve-te-gjendjes-civile\/","title":{"rendered":"Takimi  n\u00eb kuad\u00ebr t\u00eb kalimit online t\u00eb sh\u00ebrbimeve t\u00eb Gjendjes Civile."},"content":{"rendered":"\n<p>Me dat\u00eb 27.04.2022 n\u00eb Institucionin e Prefektit t\u00eb Qarkut Durr\u00ebs u zhvillua takimi i rradh\u00ebs, n\u00eb kuad\u00ebr t\u00eb kalimit online t\u00eb sh\u00ebrbimeve t\u00eb Gjendjes Civile. T\u00eb pranish\u00ebm ishin: Kryetari i Bashkis\u00eb s\u00eb Shijakut dhe p\u00ebrfaq\u00ebsues nga Bashkia Durr\u00ebs. Q\u00ebllimi i takimit ishte diskutimi mbi prioritetet e Qeveris\u00eb p\u00ebr t\u00eb mbyllur sportelet fizike nga data 30 Prill dhe ofrimin e sh\u00ebrbimeve t\u00eb p\u00ebrcaktuara p\u00ebr \u00e7do institucion vet\u00ebm online nga data 1 Maj. Shqip\u00ebria ka hyr\u00eb n\u00eb elit\u00ebn e vendeve m\u00eb t\u00eb zhvilluara p\u00ebr qeverisjen dixhitale, dhe \u00ebsht\u00eb nd\u00ebr t\u00eb parat q\u00eb i ofron sh\u00ebrbimet me dokumente p\u00ebrmes platform\u00ebs komb\u00ebtare dixhitale. <\/p>\n\n\n\n<p>Kryetari i Bashkis\u00eb \u00ebsht\u00eb Autoriteti q\u00eb p\u00ebrcakton se cilat nga zyrat e gjendjes civile n\u00eb Bashkin\u00eb respektive do t\u00eb vijojn\u00eb si sportele fizike dhe cilat si sportele online. Sportelet fizike do t\u00eb sh\u00ebrbejn\u00eb p\u00ebr t\u00eb ofruar vet\u00ebm sh\u00ebrbimet q\u00eb legjislacioni k\u00ebrkon t\u00eb ofrohen fizikisht.<\/p>\n\n\n\n<p> Prefekti k\u00ebrkoi bashk\u00ebpunimin p\u00ebr p\u00ebrcaktimin sa m\u00eb par\u00eb t\u00eb k\u00ebtyre zyrave q\u00eb t\u2019i komunikohet qytetar\u00ebve harta e re e sporteleve fizike t\u00eb gjendjes civile.<\/p>\n","protected":false},"excerpt":{"rendered":"<p>Me dat\u00eb 27.04.2022 n\u00eb Institucionin e Prefektit t\u00eb Qarkut Durr\u00ebs u zhvillua takimi i rradh\u00ebs, n\u00eb kuad\u00ebr t\u00eb kalimit online t\u00eb sh\u00ebrbimeve t\u00eb Gjendjes Civile. T\u00eb pranish\u00ebm ishin: Kryetari i Bashkis\u00eb s\u00eb Shijakut dhe p\u00ebrfaq\u00ebsues nga Bashkia Durr\u00ebs. Q\u00ebllimi i takimit ishte diskutimi mbi prioritetet e Qeveris\u00eb p\u00ebr t\u00eb mbyllur sportelet fizike nga data 30&#8230;<\/p>\n","protected":false},"author":2,"featured_media":2613,"comment_status":"closed","ping_status":"closed","sticky":false,"template":"","format":"standard","meta":{"footnotes":""},"categories":[45],"tags":[],"class_list":["post-2612","post","type-post","status-publish","format-standard","has-post-thumbnail","hentry","category-aktivitete"],"aioseo_notices":[],"_links":{"self":[{"href":"https:\/\/www.prefektidurres.gov.al\/index.php\/wp-json\/wp\/v2\/posts\/2612","targetHints":{"allow":["GET"]}}],"collection":[{"href":"https:\/\/www.prefektidurres.gov.al\/index.php\/wp-json\/wp\/v2\/posts"}],"about":[{"href":"https:\/\/www.prefektidurres.gov.al\/index.php\/wp-json\/wp\/v2\/types\/post"}],"author":[{"embeddable":true,"href":"https:\/\/www.prefektidurres.gov.al\/index.php\/wp-json\/wp\/v2\/users\/2"}],"replies":[{"embeddable":true,"href":"https:\/\/www.prefektidurres.gov.al\/index.php\/wp-json\/wp\/v2\/comments?post=2612"}],"version-history":[{"count":1,"href":"https:\/\/www.prefektidurres.gov.al\/index.php\/wp-json\/wp\/v2\/posts\/2612\/revisions"}],"predecessor-version":[{"id":2614,"href":"https:\/\/www.prefektidurres.gov.al\/index.php\/wp-json\/wp\/v2\/posts\/2612\/revisions\/2614"}],"wp:featuredmedia":[{"embeddable":true,"href":"https:\/\/www.prefektidurres.gov.al\/index.php\/wp-json\/wp\/v2\/media\/2613"}],"wp:attachment":[{"href":"https:\/\/www.prefektidurres.gov.al\/index.php\/wp-json\/wp\/v2\/media?parent=2612"}],"wp:term":[{"taxonomy":"category","embeddable":true,"href":"https:\/\/www.prefektidurres.gov.al\/index.php\/wp-json\/wp\/v2\/categories?post=2612"},{"taxonomy":"post_tag","embeddable":true,"href":"https:\/\/www.prefektidurres.gov.al\/index.php\/wp-json\/wp\/v2\/tags?post=2612"}],"curies":[{"name":"wp","href":"https:\/\/api.w.org\/{rel}","templated":true}]}}