{"id":2572,"date":"2022-04-02T10:14:43","date_gmt":"2022-04-02T08:14:43","guid":{"rendered":"https:\/\/www.prefektidurres.gov.al\/?p=2572"},"modified":"2022-04-02T10:14:44","modified_gmt":"2022-04-02T08:14:44","slug":"durresi-pa-makina","status":"publish","type":"post","link":"https:\/\/www.prefektidurres.gov.al\/index.php\/2022\/04\/02\/durresi-pa-makina\/","title":{"rendered":"Durr\u00ebsi Pa Makina"},"content":{"rendered":"\n<p>#3prill<\/p>\n\n\n\n<p>#Durr\u00ebsiPaMakina&nbsp;&nbsp;<\/p>\n\n\n\n<p>Bashkia e Durr\u00ebsit me q\u00ebllim nd\u00ebrgjegj\u00ebsimin e qytetar\u00ebve p\u00ebr mbrojtjen e mjedisit , dit\u00ebn e diel\u00eb,&nbsp; m\u00eb dat\u00eb 3 Prill, fillon zbatimin e nism\u00ebs &#8220;Dita pa makina\u201d.<\/p>\n\n\n\n<p>P\u00ebr realizimin e k\u00ebsaj nisme, Bashkia e Durr\u00ebsit n\u00eb bashk\u00ebpunim me Policin\u00eb e Shtetit ka marr\u00eb masat e nevojshme p\u00ebr t\u00eb kufizuar qarkullimin e mjeteve private n\u00eb disa akse rrugore.&nbsp;<\/p>\n\n\n\n<p>Dit\u00ebn e diel\u00eb, m\u00eb 3 Prill nga ora&nbsp; 9.00 deri n\u00eb 15.00, ndalohet qarkullimi i mjeteve private n\u00eb akset:<\/p>\n\n\n\n<p>&nbsp;Bulevardi \u201cDyrrah\u201d \u2013 Rruga \u201cGrigor Durrsaku\u201d<\/p>\n\n\n\n<p>&nbsp;Rruga \u201cAleksand\u00ebr Goga\u201d nga Muzoleumi i D\u00ebshmor\u00ebve \u2013 Bulevardi \u201cEpidamn\u201d deri tek Torra Veneciane.<\/p>\n\n\n\n<p>#BashkohuEdheTi nism\u00ebs son\u00eb p\u00ebr nj\u00eb mjedis m\u00eb t\u00eb past\u00ebr dhe p\u00ebr nj\u00eb jet\u00eb m\u00eb t\u00eb sh\u00ebndetshme.<\/p>\n\n\n\n<p>#Durr\u00ebsiPaMakina \u2013 jeto sh\u00ebndetsh\u00ebm!<\/p>\n\n\n\n<figure class=\"wp-block-image size-large\"><img fetchpriority=\"high\" decoding=\"async\" width=\"1024\" height=\"1024\" src=\"https:\/\/www.prefektidurres.gov.al\/wp-content\/uploads\/2022\/04\/WhatsApp-Image-2022-04-02-at-10.02.33-AM-1024x1024.jpeg\" alt=\"\" class=\"wp-image-2573\" srcset=\"https:\/\/www.prefektidurres.gov.al\/wp-content\/uploads\/2022\/04\/WhatsApp-Image-2022-04-02-at-10.02.33-AM.jpeg 1024w, https:\/\/www.prefektidurres.gov.al\/wp-content\/uploads\/2022\/04\/WhatsApp-Image-2022-04-02-at-10.02.33-AM-300x300.jpeg 300w, https:\/\/www.prefektidurres.gov.al\/wp-content\/uploads\/2022\/04\/WhatsApp-Image-2022-04-02-at-10.02.33-AM-150x150.jpeg 150w, https:\/\/www.prefektidurres.gov.al\/wp-content\/uploads\/2022\/04\/WhatsApp-Image-2022-04-02-at-10.02.33-AM-768x768.jpeg 768w\" sizes=\"(max-width: 1024px) 100vw, 1024px\" \/><\/figure>\n","protected":false},"excerpt":{"rendered":"<p>#3prill #Durr\u00ebsiPaMakina&nbsp;&nbsp; Bashkia e Durr\u00ebsit me q\u00ebllim nd\u00ebrgjegj\u00ebsimin e qytetar\u00ebve p\u00ebr mbrojtjen e mjedisit , dit\u00ebn e diel\u00eb,&nbsp; m\u00eb dat\u00eb 3 Prill, fillon zbatimin e nism\u00ebs &#8220;Dita pa makina\u201d. P\u00ebr realizimin e k\u00ebsaj nisme, Bashkia e Durr\u00ebsit n\u00eb bashk\u00ebpunim me Policin\u00eb e Shtetit ka marr\u00eb masat e nevojshme p\u00ebr t\u00eb kufizuar qarkullimin e mjeteve private&#8230;<\/p>\n","protected":false},"author":1,"featured_media":2573,"comment_status":"closed","ping_status":"closed","sticky":false,"template":"","format":"standard","meta":{"footnotes":""},"categories":[45],"tags":[],"class_list":["post-2572","post","type-post","status-publish","format-standard","has-post-thumbnail","hentry","category-aktivitete"],"aioseo_notices":[],"_links":{"self":[{"href":"https:\/\/www.prefektidurres.gov.al\/index.php\/wp-json\/wp\/v2\/posts\/2572","targetHints":{"allow":["GET"]}}],"collection":[{"href":"https:\/\/www.prefektidurres.gov.al\/index.php\/wp-json\/wp\/v2\/posts"}],"about":[{"href":"https:\/\/www.prefektidurres.gov.al\/index.php\/wp-json\/wp\/v2\/types\/post"}],"author":[{"embeddable":true,"href":"https:\/\/www.prefektidurres.gov.al\/index.php\/wp-json\/wp\/v2\/users\/1"}],"replies":[{"embeddable":true,"href":"https:\/\/www.prefektidurres.gov.al\/index.php\/wp-json\/wp\/v2\/comments?post=2572"}],"version-history":[{"count":2,"href":"https:\/\/www.prefektidurres.gov.al\/index.php\/wp-json\/wp\/v2\/posts\/2572\/revisions"}],"predecessor-version":[{"id":2575,"href":"https:\/\/www.prefektidurres.gov.al\/index.php\/wp-json\/wp\/v2\/posts\/2572\/revisions\/2575"}],"wp:featuredmedia":[{"embeddable":true,"href":"https:\/\/www.prefektidurres.gov.al\/index.php\/wp-json\/wp\/v2\/media\/2573"}],"wp:attachment":[{"href":"https:\/\/www.prefektidurres.gov.al\/index.php\/wp-json\/wp\/v2\/media?parent=2572"}],"wp:term":[{"taxonomy":"category","embeddable":true,"href":"https:\/\/www.prefektidurres.gov.al\/index.php\/wp-json\/wp\/v2\/categories?post=2572"},{"taxonomy":"post_tag","embeddable":true,"href":"https:\/\/www.prefektidurres.gov.al\/index.php\/wp-json\/wp\/v2\/tags?post=2572"}],"curies":[{"name":"wp","href":"https:\/\/api.w.org\/{rel}","templated":true}]}}