{"id":2500,"date":"2021-11-19T10:15:00","date_gmt":"2021-11-19T09:15:00","guid":{"rendered":"https:\/\/www.prefektidurres.gov.al\/?p=2500"},"modified":"2021-11-22T10:20:06","modified_gmt":"2021-11-22T09:20:06","slug":"test-page","status":"publish","type":"post","link":"https:\/\/www.prefektidurres.gov.al\/index.php\/2021\/11\/19\/test-page\/","title":{"rendered":"Takimi i Emergjencave Civile p\u0451r  sezonin vjesht\u0451-dim\u0451r 2021-2022"},"content":{"rendered":"\n<p>Sot m\u00eb dat\u00eb 19.11.2021, N\u0451 institucionin e Prefektit u organizua n\u0451n drejtimin e Prefektit takimi i rradh\u0451s, mbi baz\u0451n e planit t\u0451 monitorimit, inspektimit vjetor p\u0451r masat e marra n\u0451 interes t\u0451 emergjencave sezonale vjesht\u0451-dim\u0451r 2021-2022. N\u00eb k\u00ebt\u00eb takim ishin t\u00eb pranish\u00ebm: N\u0451n\/kryetar\u0451t e Bashkive Durr\u0451s, Shijak, Kruj\u0451, Drejtor\u0451t e Deg\u0451ve Territoriale n\u0451 Qark dhe Kryetar\u00ebt e Nj\u00ebsive Administrative t\u00eb Bashkive. Q\u00ebllimi i takimit ishte marrja e masave konkrete planizuese dhe reaguese nga bashkit\u00eb dhe institucionet n\u00eb Qark p\u00ebr parandalimin e emergjencave dim\u00ebrore (p\u0451rmbytjet), minimizimin e d\u00ebmeve dhe p\u00ebrballimin e situat\u0451s q\u00eb mund t\u00eb krijohet, nisur kjo nga p\u0451rvojat e deri tanishme dhe problematikat e krijuara nga reshjet e dendura gjat\u00eb periudh\u00ebs Dhjetor 2020 &#8211; Shkurt 2021. Prefekti b\u00ebri nj\u00eb analiz\u00eb t\u00eb p\u00ebrmbledhur t\u00eb situat\u00ebs n\u00eb Qarkun e Durr\u00ebsit duke vler\u00ebsuar pun\u00ebn dhe angazhimin e t\u00eb tre bashkive. N\u00eb takim u trajtua puna e b\u00ebr\u00eb nga strukturat p\u00ebrgjegj\u0451se q\u00eb kan\u00eb t\u00eb b\u0451jn\u00eb me mbrojtjen civile n\u00eb interes t\u00eb periudh\u00ebs Vjesht\u00eb \u2013 Dim\u00ebr. N\u00eb fjal\u00ebn e tij theksoi p\u00ebrmbushjen e detyrave ligjore dhe ndjekjen me prioritet dhe angazhim maksimal t\u00eb t\u00eb gjitha detyrave q\u00eb p\u0451rcaktohen n\u00eb kuadrin ligjor nd\u00ebrmjet strukturave vendore n\u00eb nivel qarku ku r\u00ebnd\u00ebsi merr fort\u00ebsimi i bashk\u00ebpunimit nd\u00ebrmjet strukturave t\u00eb Mbrojtjes Civile, MZSH, Policis\u00eb s\u00eb Shtetit, me q\u00ebllim rritjen e gadishm\u00ebris\u00eb s\u00eb forcave dhe mjeteve, n\u00eb p\u00ebrballimin me sukses t\u00eb situatave emergjente gjat\u00eb periudh\u00ebs s\u00eb dimrit.Si p\u0451rfundim Prefekti u la detyr\u0451 p\u0451rkat\u0451se t\u0451 gjitha strukturave p\u0451rgjegj\u0451se t\u0451 Bashkive dhe Deg\u0451ve Territoriale duke i kushtuar nj\u0451 v\u0451m\u0451ndje t\u0451 ve\u04abant\u0451 Sektorit t\u0451 Emergjencave Civile.Prefekti e mbylli k\u0451t\u00eb takim duke i falenderuar t\u00eb pranishmit p\u00ebr pun\u00ebn e b\u00ebr\u00eb dhe gatishm\u00ebrin\u00eb e tyre<\/p>\n","protected":false},"excerpt":{"rendered":"<p>Sot m\u00eb dat\u00eb 19.11.2021, N\u0451 institucionin e Prefektit u organizua n\u0451n drejtimin e Prefektit takimi i rradh\u0451s, mbi baz\u0451n e planit t\u0451 monitorimit, inspektimit vjetor p\u0451r masat e marra n\u0451 interes t\u0451 emergjencave sezonale vjesht\u0451-dim\u0451r 2021-2022. N\u00eb k\u00ebt\u00eb takim ishin t\u00eb pranish\u00ebm: N\u0451n\/kryetar\u0451t e Bashkive Durr\u0451s, Shijak, Kruj\u0451, Drejtor\u0451t e Deg\u0451ve Territoriale n\u0451 Qark dhe&#8230;<\/p>\n","protected":false},"author":1,"featured_media":2486,"comment_status":"closed","ping_status":"closed","sticky":false,"template":"","format":"standard","meta":{"footnotes":""},"categories":[45],"tags":[],"class_list":["post-2500","post","type-post","status-publish","format-standard","has-post-thumbnail","hentry","category-aktivitete"],"aioseo_notices":[],"_links":{"self":[{"href":"https:\/\/www.prefektidurres.gov.al\/index.php\/wp-json\/wp\/v2\/posts\/2500","targetHints":{"allow":["GET"]}}],"collection":[{"href":"https:\/\/www.prefektidurres.gov.al\/index.php\/wp-json\/wp\/v2\/posts"}],"about":[{"href":"https:\/\/www.prefektidurres.gov.al\/index.php\/wp-json\/wp\/v2\/types\/post"}],"author":[{"embeddable":true,"href":"https:\/\/www.prefektidurres.gov.al\/index.php\/wp-json\/wp\/v2\/users\/1"}],"replies":[{"embeddable":true,"href":"https:\/\/www.prefektidurres.gov.al\/index.php\/wp-json\/wp\/v2\/comments?post=2500"}],"version-history":[{"count":3,"href":"https:\/\/www.prefektidurres.gov.al\/index.php\/wp-json\/wp\/v2\/posts\/2500\/revisions"}],"predecessor-version":[{"id":2504,"href":"https:\/\/www.prefektidurres.gov.al\/index.php\/wp-json\/wp\/v2\/posts\/2500\/revisions\/2504"}],"wp:featuredmedia":[{"embeddable":true,"href":"https:\/\/www.prefektidurres.gov.al\/index.php\/wp-json\/wp\/v2\/media\/2486"}],"wp:attachment":[{"href":"https:\/\/www.prefektidurres.gov.al\/index.php\/wp-json\/wp\/v2\/media?parent=2500"}],"wp:term":[{"taxonomy":"category","embeddable":true,"href":"https:\/\/www.prefektidurres.gov.al\/index.php\/wp-json\/wp\/v2\/categories?post=2500"},{"taxonomy":"post_tag","embeddable":true,"href":"https:\/\/www.prefektidurres.gov.al\/index.php\/wp-json\/wp\/v2\/tags?post=2500"}],"curies":[{"name":"wp","href":"https:\/\/api.w.org\/{rel}","templated":true}]}}