{"id":2422,"date":"2020-12-09T12:25:00","date_gmt":"2020-12-09T11:25:00","guid":{"rendered":"https:\/\/www.prefektidurres.gov.al\/?p=2422"},"modified":"2021-10-18T12:34:44","modified_gmt":"2021-10-18T10:34:44","slug":"ceremonina-e-ndarjes-se-cmimeve-per-bashkite-fituese-te-cilat-kane-aplikuar-ne-konkursin-e-praktikave-te-mira-2020","status":"publish","type":"post","link":"https:\/\/www.prefektidurres.gov.al\/index.php\/2020\/12\/09\/ceremonina-e-ndarjes-se-cmimeve-per-bashkite-fituese-te-cilat-kane-aplikuar-ne-konkursin-e-praktikave-te-mira-2020\/","title":{"rendered":"Ceremonina e ndarjes s\u00eb \u00e7mimeve p\u00ebr bashkit\u00eb fituese, t\u00eb cilat kan\u00eb aplikuar n\u00eb &#8220;Konkursin e Praktikave t\u00eb Mira 2020&#8221;"},"content":{"rendered":"\n<p>Prefekti i Qarkut Durr\u00ebs Z.Roland Nasto n\u00eb bashk\u00ebpunim me Ministrin\u00eb e Brendshme, Agjencin\u00eb p\u00ebr Mb\u00ebshtetjen e Vet\u00ebqeverisjes Vendore (AMVV), me mb\u00ebshtetjen e Projektit Bashki t\u00eb Forta, projekt i Agjencis\u00eb Zvicerane p\u00ebr Zhvillim dhe Bashk\u00ebpunim (SDC), organizoi sot n\u00eb pranin\u00eb e Kryetar\u00ebve t\u00eb Bashkive Durr\u00ebs dhe Shijak, Kryetarit t\u00eb K\u00ebshillit t\u00eb Qarkut Durr\u00ebs, Kryetarit t\u00eb K\u00ebshillit Bashkiak Durr\u00ebs, ceremonine e ndarjes s\u00eb \u00e7mimeve p\u00ebr bashkit\u00eb fituese, t\u00eb cilat kan\u00eb aplikuar n\u00eb &#8220;Konkursin e Praktikave t\u00eb Mira 2020&#8221;. Prefekti i Qarkut i dor\u00ebzoi Kryetares n\u00eb detyre t\u00eb Bashkis\u00eb Durr\u00ebs, Znj.Emiriana Sako \u00e7mimin e publikut p\u00ebr praktikat e mira n\u00eb administrimin e arsimit parashkollor te fituar n\u00eb konkursin komb\u00ebtar t\u00eb praktikave t\u00eb mira 2020. Kryetarit t\u00eb Bashkis\u00eb Shijak, Z.Elton Arbana dy \u00e7mime, \u00e7mimin e publikut dhe \u00e7mimin e juris\u00eb n\u00eb kategorin\u00eb Emergjencave Civile, menaxhim t\u00eb suksessh\u00ebm t\u00eb situat\u00ebs shkaktuar si pasoj\u00eb e t\u00ebrmetit t\u00eb N\u00ebntorit 2019, si dhe p\u00ebr bashk\u00ebpunimin me Institucionet Q\u00ebndrore dhe Donatoret. Synim i k\u00ebtij edicioni ishte evidentimi i bashkive inovatore dhe t\u00eb forta. Pjes\u00ebmarr\u00ebse n\u00eb k\u00ebt\u00eb edicion ishin 38 bashki, t\u00eb cilat aplikuan n\u00eb kat\u00ebr kategori. Publiku i gjer\u00eb pati mund\u00ebsi t\u00eb p\u00ebrzgjidhte fitueset e kat\u00ebr \u00e7mimeve p\u00ebr praktik\u00ebn m\u00eb t\u00eb mir\u00eb, duke votuar online p\u00ebr secil\u00ebn kategori. Prefekti i Qarkut p\u00ebrg\u00ebzoj pun\u00ebn e mir\u00eb t\u00eb stafeve t\u00eb bashkive Durr\u00ebs dhe Shijak q\u00eb soll\u00ebn n\u00eb qarkun ton\u00eb k\u00ebto \u00e7mime t\u00eb cilat na shtojn\u00eb p\u00ebrgjegj\u00ebsin\u00eb dhe motivimin p\u00ebr t\u00eb vijuar me m\u00eb shum\u00eb intensitet pun\u00ebn e p\u00ebrditshme n\u00eb sh\u00ebrbim t\u00eb qytetar\u00ebve.<\/p>\n","protected":false},"excerpt":{"rendered":"<p>Prefekti i Qarkut Durr\u00ebs Z.Roland Nasto n\u00eb bashk\u00ebpunim me Ministrin\u00eb e Brendshme, Agjencin\u00eb p\u00ebr Mb\u00ebshtetjen e Vet\u00ebqeverisjes Vendore (AMVV), me mb\u00ebshtetjen e Projektit Bashki t\u00eb Forta, projekt i Agjencis\u00eb Zvicerane p\u00ebr Zhvillim dhe Bashk\u00ebpunim (SDC), organizoi sot n\u00eb pranin\u00eb e Kryetar\u00ebve t\u00eb Bashkive Durr\u00ebs dhe Shijak, Kryetarit t\u00eb K\u00ebshillit t\u00eb Qarkut Durr\u00ebs, Kryetarit t\u00eb K\u00ebshillit&#8230;<\/p>\n","protected":false},"author":2,"featured_media":2423,"comment_status":"open","ping_status":"open","sticky":false,"template":"","format":"standard","meta":{"footnotes":""},"categories":[45],"tags":[],"class_list":["post-2422","post","type-post","status-publish","format-standard","has-post-thumbnail","hentry","category-aktivitete"],"aioseo_notices":[],"_links":{"self":[{"href":"https:\/\/www.prefektidurres.gov.al\/index.php\/wp-json\/wp\/v2\/posts\/2422","targetHints":{"allow":["GET"]}}],"collection":[{"href":"https:\/\/www.prefektidurres.gov.al\/index.php\/wp-json\/wp\/v2\/posts"}],"about":[{"href":"https:\/\/www.prefektidurres.gov.al\/index.php\/wp-json\/wp\/v2\/types\/post"}],"author":[{"embeddable":true,"href":"https:\/\/www.prefektidurres.gov.al\/index.php\/wp-json\/wp\/v2\/users\/2"}],"replies":[{"embeddable":true,"href":"https:\/\/www.prefektidurres.gov.al\/index.php\/wp-json\/wp\/v2\/comments?post=2422"}],"version-history":[{"count":1,"href":"https:\/\/www.prefektidurres.gov.al\/index.php\/wp-json\/wp\/v2\/posts\/2422\/revisions"}],"predecessor-version":[{"id":2424,"href":"https:\/\/www.prefektidurres.gov.al\/index.php\/wp-json\/wp\/v2\/posts\/2422\/revisions\/2424"}],"wp:featuredmedia":[{"embeddable":true,"href":"https:\/\/www.prefektidurres.gov.al\/index.php\/wp-json\/wp\/v2\/media\/2423"}],"wp:attachment":[{"href":"https:\/\/www.prefektidurres.gov.al\/index.php\/wp-json\/wp\/v2\/media?parent=2422"}],"wp:term":[{"taxonomy":"category","embeddable":true,"href":"https:\/\/www.prefektidurres.gov.al\/index.php\/wp-json\/wp\/v2\/categories?post=2422"},{"taxonomy":"post_tag","embeddable":true,"href":"https:\/\/www.prefektidurres.gov.al\/index.php\/wp-json\/wp\/v2\/tags?post=2422"}],"curies":[{"name":"wp","href":"https:\/\/api.w.org\/{rel}","templated":true}]}}