{"id":2193,"date":"2020-09-29T10:52:00","date_gmt":"2020-09-29T08:52:00","guid":{"rendered":"https:\/\/www.prefektidurres.gov.al\/?p=2193"},"modified":"2020-10-13T10:56:44","modified_gmt":"2020-10-13T08:56:44","slug":"takim-koordinues-paraprak-ne-kuader-te-dates-13-tetor-dites-nderkombetare-per-zvogelimin-e-rreziqeve-nga-fatkeqesite","status":"publish","type":"post","link":"https:\/\/www.prefektidurres.gov.al\/index.php\/2020\/09\/29\/takim-koordinues-paraprak-ne-kuader-te-dates-13-tetor-dites-nderkombetare-per-zvogelimin-e-rreziqeve-nga-fatkeqesite\/","title":{"rendered":"Takim koordinues paraprak n\u00eb kuad\u00ebr t\u00eb dat\u00ebs 13 Tetor, \u201cDit\u00ebs Nd\u00ebrkomb\u00ebtare p\u00ebr Zvog\u00eblimin e Rreziqeve nga Fatkeq\u00ebsit\u00eb\u201d"},"content":{"rendered":"\n<p>N\u00eb kuad\u00ebr t\u00eb dat\u00ebs 13 Tetor, \u201cDit\u00ebs Nd\u00ebrkomb\u00ebtare p\u00ebr Zvog\u00eblimin e Rreziqeve nga Fatkeq\u00ebsit\u00eb\u201d dhe aktiviteteve q\u00eb do t\u00eb organizohen p\u00ebr k\u00ebt\u00eb q\u00ebllim, n\u00eb Institucionin e Prefektit t\u00eb Qarkut Durr\u00ebs sot m\u00eb dat\u00eb 29.09.2020,  u zhvillua nj\u00eb takim koordinues paraprak ku ishin t\u00eb pranish\u00ebm p\u00ebrfaq\u00ebsues t\u00eb Agjensis\u00eb Komb\u00ebtare t\u00eb Mbrojtjes Civile, Kryqit t\u00eb Kuq Shqiptar dhe p\u00ebrfaq\u00ebsues nga Bashkia Durr\u00ebs.N\u00eb k\u00ebt\u00eb takim paraprak u realizua nj\u00eb paraqitje e detajuar e programit informues t\u00eb miratuar nga AKMC, &#8220;Mbi Mbrojtjen Civile dhe Rreziqet Kryesore n\u00eb Shqip\u00ebri\u201d i shoq\u00ebruar me baz\u00eb materiale t\u00eb pasur dhe flet\u00ebpalosje. Gjithashtu gjat\u00eb takimit u diskutua mbi objektivat kryesore dhe p\u00ebrmir\u00ebsimin e pun\u00ebs s\u00eb p\u00ebrbashk\u00ebt n\u00eb p\u00ebrcaktimin e informacionit sensibilizues q\u00eb do t\u00eb paraqitet n\u00eb k\u00ebto aktivitete. Institucioni i Prefektit t\u00eb Qarkut Durr\u00ebs do t\u00eb jet\u00eb prezent n\u00eb aktivitetet q\u00eb do t\u00eb zhvillohen n\u00eb k\u00ebt\u00eb kuad\u00ebr n\u00eb Sheshin Liria si dhe n\u00eb shkollat e mesme e 9- vje\u00e7are t\u00eb qarkut,  p\u00ebr t\u00eb folur dhe informuar mbi rolin q\u00eb ka \u00e7do qytetar si pjes\u00eb e sistemit t\u00eb Mbrojtjes Civile n\u00eb Republik\u00ebn e Shqip\u00ebris\u00eb, strukturat q\u00eb jan\u00eb pjes\u00eb e k\u00ebtij sistemi dhe rreziqet natyrore q\u00eb prekin v\u00ebndin ton\u00eb.<\/p>\n\n\n\n\n\n<p><\/p>\n","protected":false},"excerpt":{"rendered":"<p>N\u00eb kuad\u00ebr t\u00eb dat\u00ebs 13 Tetor, \u201cDit\u00ebs Nd\u00ebrkomb\u00ebtare p\u00ebr Zvog\u00eblimin e Rreziqeve nga Fatkeq\u00ebsit\u00eb\u201d dhe aktiviteteve q\u00eb do t\u00eb organizohen p\u00ebr k\u00ebt\u00eb q\u00ebllim, n\u00eb Institucionin e Prefektit t\u00eb Qarkut Durr\u00ebs sot m\u00eb dat\u00eb 29.09.2020, u zhvillua nj\u00eb takim koordinues paraprak ku ishin t\u00eb pranish\u00ebm p\u00ebrfaq\u00ebsues t\u00eb Agjensis\u00eb Komb\u00ebtare t\u00eb Mbrojtjes Civile, Kryqit t\u00eb Kuq Shqiptar&#8230;<\/p>\n","protected":false},"author":2,"featured_media":2194,"comment_status":"open","ping_status":"open","sticky":false,"template":"","format":"standard","meta":{"footnotes":""},"categories":[45],"tags":[],"class_list":["post-2193","post","type-post","status-publish","format-standard","has-post-thumbnail","hentry","category-aktivitete"],"aioseo_notices":[],"_links":{"self":[{"href":"https:\/\/www.prefektidurres.gov.al\/index.php\/wp-json\/wp\/v2\/posts\/2193","targetHints":{"allow":["GET"]}}],"collection":[{"href":"https:\/\/www.prefektidurres.gov.al\/index.php\/wp-json\/wp\/v2\/posts"}],"about":[{"href":"https:\/\/www.prefektidurres.gov.al\/index.php\/wp-json\/wp\/v2\/types\/post"}],"author":[{"embeddable":true,"href":"https:\/\/www.prefektidurres.gov.al\/index.php\/wp-json\/wp\/v2\/users\/2"}],"replies":[{"embeddable":true,"href":"https:\/\/www.prefektidurres.gov.al\/index.php\/wp-json\/wp\/v2\/comments?post=2193"}],"version-history":[{"count":1,"href":"https:\/\/www.prefektidurres.gov.al\/index.php\/wp-json\/wp\/v2\/posts\/2193\/revisions"}],"predecessor-version":[{"id":2195,"href":"https:\/\/www.prefektidurres.gov.al\/index.php\/wp-json\/wp\/v2\/posts\/2193\/revisions\/2195"}],"wp:featuredmedia":[{"embeddable":true,"href":"https:\/\/www.prefektidurres.gov.al\/index.php\/wp-json\/wp\/v2\/media\/2194"}],"wp:attachment":[{"href":"https:\/\/www.prefektidurres.gov.al\/index.php\/wp-json\/wp\/v2\/media?parent=2193"}],"wp:term":[{"taxonomy":"category","embeddable":true,"href":"https:\/\/www.prefektidurres.gov.al\/index.php\/wp-json\/wp\/v2\/categories?post=2193"},{"taxonomy":"post_tag","embeddable":true,"href":"https:\/\/www.prefektidurres.gov.al\/index.php\/wp-json\/wp\/v2\/tags?post=2193"}],"curies":[{"name":"wp","href":"https:\/\/api.w.org\/{rel}","templated":true}]}}