{"id":2184,"date":"2020-09-16T10:32:00","date_gmt":"2020-09-16T08:32:00","guid":{"rendered":"https:\/\/www.prefektidurres.gov.al\/?p=2184"},"modified":"2020-10-13T10:39:51","modified_gmt":"2020-10-13T08:39:51","slug":"takim-me-drejtoreshen-e-njesise-vendore-te-kujdesit-shendetesor-znj-aurora-hyka","status":"publish","type":"post","link":"https:\/\/www.prefektidurres.gov.al\/index.php\/2020\/09\/16\/takim-me-drejtoreshen-e-njesise-vendore-te-kujdesit-shendetesor-znj-aurora-hyka\/","title":{"rendered":"Takim me Drejtoresh\u00ebn e Nj\u00ebsis\u00eb Vendore t\u00eb Kujdesit Sh\u00ebndet\u00ebsor Znj. Aurora Hyka"},"content":{"rendered":"\n<p> Dit\u00ebn e sotme n\u00eb Institucionin e Prefektit t\u00eb Qarkut Durr\u00ebs n\u00eb kuad\u00ebr t\u00eb hapjes s\u00eb vitit t\u00eb ri shkollor u zhvillua takimi me Drejtoresh\u00ebn e Nj\u00ebsis\u00eb Vendore t\u00eb Kujdesit Sh\u00ebndet\u00ebsor Znj. Aurora Hyka, n\u00eb lidhje me paisjen e shkollave me personel sh\u00ebndet\u00ebsor dhe mbi menaxhimin dhe koordinimin sa m\u00eb efikas t\u00eb situat\u00ebs s\u00eb krijuar si pasoj\u00eb e COVID -19 .Prefekti i Qarkut Durr\u00ebs ashtu si deri m\u00eb sot do t\u00eb punojn\u00eb n\u00eb m\u00ebnyr\u00eb t\u00eb vazhdueshme, p\u00ebr koordinimin dhe bashk\u00ebrendimin e veprimtaris\u00eb s\u00eb institucioneve arsimore e sh\u00ebndet\u00ebsore, nj\u00ebsive t\u00eb vet\u00ebqeverisjes vendore, policis\u00eb vendore, institucione t\u00eb tjera dhe komunitetit p\u00ebr mbar\u00ebvajtjen e procesit m\u00ebsimor gjat\u00eb vitit arsimor 2020-2021.<\/p>\n","protected":false},"excerpt":{"rendered":"<p>Dit\u00ebn e sotme n\u00eb Institucionin e Prefektit t\u00eb Qarkut Durr\u00ebs n\u00eb kuad\u00ebr t\u00eb hapjes s\u00eb vitit t\u00eb ri shkollor u zhvillua takimi me Drejtoresh\u00ebn e Nj\u00ebsis\u00eb Vendore t\u00eb Kujdesit Sh\u00ebndet\u00ebsor Znj. Aurora Hyka, n\u00eb lidhje me paisjen e shkollave me personel sh\u00ebndet\u00ebsor dhe mbi menaxhimin dhe koordinimin sa m\u00eb efikas t\u00eb situat\u00ebs s\u00eb krijuar si&#8230;<\/p>\n","protected":false},"author":2,"featured_media":2185,"comment_status":"open","ping_status":"open","sticky":false,"template":"","format":"standard","meta":{"footnotes":""},"categories":[45],"tags":[],"class_list":["post-2184","post","type-post","status-publish","format-standard","has-post-thumbnail","hentry","category-aktivitete"],"aioseo_notices":[],"_links":{"self":[{"href":"https:\/\/www.prefektidurres.gov.al\/index.php\/wp-json\/wp\/v2\/posts\/2184","targetHints":{"allow":["GET"]}}],"collection":[{"href":"https:\/\/www.prefektidurres.gov.al\/index.php\/wp-json\/wp\/v2\/posts"}],"about":[{"href":"https:\/\/www.prefektidurres.gov.al\/index.php\/wp-json\/wp\/v2\/types\/post"}],"author":[{"embeddable":true,"href":"https:\/\/www.prefektidurres.gov.al\/index.php\/wp-json\/wp\/v2\/users\/2"}],"replies":[{"embeddable":true,"href":"https:\/\/www.prefektidurres.gov.al\/index.php\/wp-json\/wp\/v2\/comments?post=2184"}],"version-history":[{"count":1,"href":"https:\/\/www.prefektidurres.gov.al\/index.php\/wp-json\/wp\/v2\/posts\/2184\/revisions"}],"predecessor-version":[{"id":2186,"href":"https:\/\/www.prefektidurres.gov.al\/index.php\/wp-json\/wp\/v2\/posts\/2184\/revisions\/2186"}],"wp:featuredmedia":[{"embeddable":true,"href":"https:\/\/www.prefektidurres.gov.al\/index.php\/wp-json\/wp\/v2\/media\/2185"}],"wp:attachment":[{"href":"https:\/\/www.prefektidurres.gov.al\/index.php\/wp-json\/wp\/v2\/media?parent=2184"}],"wp:term":[{"taxonomy":"category","embeddable":true,"href":"https:\/\/www.prefektidurres.gov.al\/index.php\/wp-json\/wp\/v2\/categories?post=2184"},{"taxonomy":"post_tag","embeddable":true,"href":"https:\/\/www.prefektidurres.gov.al\/index.php\/wp-json\/wp\/v2\/tags?post=2184"}],"curies":[{"name":"wp","href":"https:\/\/api.w.org\/{rel}","templated":true}]}}