{"id":1976,"date":"2020-05-12T12:40:00","date_gmt":"2020-05-12T10:40:00","guid":{"rendered":"https:\/\/www.prefektidurres.gov.al\/?p=1976"},"modified":"2020-05-19T12:44:03","modified_gmt":"2020-05-19T10:44:03","slug":"mbi-zbatimin-e-masave-per-fillimin-e-mesimit-te-nxenesve-maturante","status":"publish","type":"post","link":"https:\/\/www.prefektidurres.gov.al\/index.php\/2020\/05\/12\/mbi-zbatimin-e-masave-per-fillimin-e-mesimit-te-nxenesve-maturante\/","title":{"rendered":"Mbi zbatimin e masave p\u00ebr fillimin e m\u00ebsimit t\u00eb nx\u00ebn\u00ebsve maturant\u00eb."},"content":{"rendered":"\n<p>Prefekti i Qarkut Durr\u00ebs organizoi sot nj\u00eb takim me Dr e Drejtoris\u00eb Rajonale t\u00eb Arsimit Parauniversitar Znj Valentina Leka si dhe me disa nga drejtuesit e ZVA-ve t\u00eb qarkut, n\u00eb lidhje me zbatimin e masave p\u00ebr fillimin e m\u00ebsimit t\u00eb nx\u00ebn\u00ebsve maturant\u00eb.<\/p>\n\n\n\n<p>Disa nga \u00e7\u00ebshtjet kryesore ku u fokusua ky takim kishin t\u00eb b\u00ebnin me masat e marra p\u00ebr hartimin e rregulloreve, dezinfektimin e mjediseve, numrin e klasave t\u00eb nxen\u00ebsve etj.<\/p>\n\n\n\n<p>Pas raportimit nga t\u00eb pranishmit rezultoi q\u00eb:&nbsp;\u25ab\ufe0fJan\u00eb p\u00ebrgatitur programe pune t\u00eb detajuara organizative dhe administrative.\u25ab\ufe0fPo p\u00ebrgatiten rregulloret dhe jan\u00eb n\u00eb p\u00ebrfundim.&nbsp;\u25ab\ufe0fP\u00ebr shkollat q\u00eb jan\u00eb prishur si pasoj\u00eb e d\u00ebmtimeve t\u00eb t\u00ebrmetit, jan\u00eb planifikuar mjediset ku nx\u00ebn\u00ebsit do t\u00eb zhvillojn\u00eb m\u00ebsimin.\u25ab\ufe0fKa p\u00ebrfunduar plani i dezinfektimit dhe deri n\u00eb fund t\u00eb jav\u00ebs p\u00ebrfundon n\u00eb t\u00eb gjitha shkollat.\u25ab\ufe0fKa filluar shp\u00ebrndarja e baz\u00ebs materiale dezinfektuese p\u00ebr nx\u00ebn\u00ebsit.\u25ab\ufe0fNga Drejtoria e Kujdesit Sh\u00ebndet\u00ebsor jan\u00eb p\u00ebrcaktuar p\u00ebr t\u00eb gjitha shkollat personel mjek\u00ebsor si dhe m\u00ebnyra si do t\u00eb veprohet p\u00ebr matjen e temperatur\u00ebs.<\/p>\n\n\n\n<p>N\u00eb p\u00ebrfundim Prefekti n\u00ebnvizoi dhe nj\u00eb her\u00eb zbatimin me fanatiz\u00ebm t\u00eb rregullores dhe masave t\u00eb p\u00ebrcaktuara duke filluar nga nx\u00ebn\u00ebsit, m\u00ebsuesit dhe drejtoret e shkollave.<\/p>\n","protected":false},"excerpt":{"rendered":"<p>Prefekti i Qarkut Durr\u00ebs organizoi sot nj\u00eb takim me Dr e Drejtoris\u00eb Rajonale t\u00eb Arsimit Parauniversitar Znj Valentina Leka si dhe me disa nga drejtuesit e ZVA-ve t\u00eb qarkut, n\u00eb lidhje me zbatimin e masave p\u00ebr fillimin e m\u00ebsimit t\u00eb nx\u00ebn\u00ebsve maturant\u00eb. Disa nga \u00e7\u00ebshtjet kryesore ku u fokusua ky takim kishin t\u00eb b\u00ebnin me&#8230;<\/p>\n","protected":false},"author":2,"featured_media":1977,"comment_status":"open","ping_status":"open","sticky":false,"template":"","format":"standard","meta":{"footnotes":""},"categories":[45],"tags":[],"class_list":["post-1976","post","type-post","status-publish","format-standard","has-post-thumbnail","hentry","category-aktivitete"],"aioseo_notices":[],"_links":{"self":[{"href":"https:\/\/www.prefektidurres.gov.al\/index.php\/wp-json\/wp\/v2\/posts\/1976","targetHints":{"allow":["GET"]}}],"collection":[{"href":"https:\/\/www.prefektidurres.gov.al\/index.php\/wp-json\/wp\/v2\/posts"}],"about":[{"href":"https:\/\/www.prefektidurres.gov.al\/index.php\/wp-json\/wp\/v2\/types\/post"}],"author":[{"embeddable":true,"href":"https:\/\/www.prefektidurres.gov.al\/index.php\/wp-json\/wp\/v2\/users\/2"}],"replies":[{"embeddable":true,"href":"https:\/\/www.prefektidurres.gov.al\/index.php\/wp-json\/wp\/v2\/comments?post=1976"}],"version-history":[{"count":1,"href":"https:\/\/www.prefektidurres.gov.al\/index.php\/wp-json\/wp\/v2\/posts\/1976\/revisions"}],"predecessor-version":[{"id":1978,"href":"https:\/\/www.prefektidurres.gov.al\/index.php\/wp-json\/wp\/v2\/posts\/1976\/revisions\/1978"}],"wp:featuredmedia":[{"embeddable":true,"href":"https:\/\/www.prefektidurres.gov.al\/index.php\/wp-json\/wp\/v2\/media\/1977"}],"wp:attachment":[{"href":"https:\/\/www.prefektidurres.gov.al\/index.php\/wp-json\/wp\/v2\/media?parent=1976"}],"wp:term":[{"taxonomy":"category","embeddable":true,"href":"https:\/\/www.prefektidurres.gov.al\/index.php\/wp-json\/wp\/v2\/categories?post=1976"},{"taxonomy":"post_tag","embeddable":true,"href":"https:\/\/www.prefektidurres.gov.al\/index.php\/wp-json\/wp\/v2\/tags?post=1976"}],"curies":[{"name":"wp","href":"https:\/\/api.w.org\/{rel}","templated":true}]}}