{"id":1764,"date":"2019-10-03T11:34:29","date_gmt":"2019-10-03T09:34:29","guid":{"rendered":"https:\/\/www.prefektidurres.gov.al\/?p=1764"},"modified":"2019-10-03T11:34:32","modified_gmt":"2019-10-03T09:34:32","slug":"vizite-ne-banesat-e-prekura-nga-termeti-i-dates-21-shtator-ne-zonen-e-plazhit-dhe-durresit-te-ri","status":"publish","type":"post","link":"https:\/\/www.prefektidurres.gov.al\/index.php\/2019\/10\/03\/vizite-ne-banesat-e-prekura-nga-termeti-i-dates-21-shtator-ne-zonen-e-plazhit-dhe-durresit-te-ri\/","title":{"rendered":"Vizit\u00eb n\u00eb banesat e prekura nga t\u00ebrmeti i dat\u00ebs 21 shtator n\u00eb zon\u00ebn e Plazhit dhe Durr\u00ebsit t\u00eb Ri."},"content":{"rendered":"\n<p>Prefekti i Qarkut Durr\u00ebs s\u00eb bashku me p\u00ebrfaq\u00ebsuesit e BE, Kryetaren e Bashkis\u00eb Durr\u00ebs dhe Drejtorin e P\u00ebrgjithsh\u00ebm t\u00eb Emergjencave Civile vizituan nga af\u00ebr banesat e prekura nga t\u00ebrmeti i dat\u00ebs 21 shtator n\u00eb zon\u00ebn e Plazhit dhe Durr\u00ebsit t\u00eb Ri ku jan\u00eb konstatuar d\u00ebme t\u00eb konsiderueshme.<\/p>\n\n\n\n<p>Ekipi teknik i ekspert\u00ebve t\u00eb BE u shpreh\u00ebn t\u00eb gatsh\u00ebm p\u00ebr t\u2019i siguruar k\u00ebtyre banor\u00ebve t\u00eb gjith\u00eb ndihm\u00ebn e domosdoshme p\u00ebr rikonstruksionin e banesave t\u00eb d\u00ebmtuara dhe kthimin e tyre sa m\u00eb shpejt\u00eb n\u00eb normalitet.<\/p>\n\n\n\n<p>N\u00eb t\u00eb nj\u00ebjt\u00ebn koh\u00eb u shp\u00ebrndane disa ndihma, me q\u00ebllim leht\u00ebsimin sadopak t\u00eb dhimbjes dhe problematikave q\u00eb kan\u00eb prekur k\u00ebta banor\u00eb.<\/p>\n","protected":false},"excerpt":{"rendered":"<p>Prefekti i Qarkut Durr\u00ebs s\u00eb bashku me p\u00ebrfaq\u00ebsuesit e BE, Kryetaren e Bashkis\u00eb Durr\u00ebs dhe Drejtorin e P\u00ebrgjithsh\u00ebm t\u00eb Emergjencave Civile vizituan nga af\u00ebr banesat e prekura nga t\u00ebrmeti i dat\u00ebs 21 shtator n\u00eb zon\u00ebn e Plazhit dhe Durr\u00ebsit t\u00eb Ri ku jan\u00eb konstatuar d\u00ebme t\u00eb konsiderueshme. Ekipi teknik i ekspert\u00ebve t\u00eb BE u shpreh\u00ebn&#8230;<\/p>\n","protected":false},"author":2,"featured_media":1765,"comment_status":"open","ping_status":"open","sticky":false,"template":"","format":"standard","meta":{"footnotes":""},"categories":[45],"tags":[],"class_list":["post-1764","post","type-post","status-publish","format-standard","has-post-thumbnail","hentry","category-aktivitete"],"aioseo_notices":[],"_links":{"self":[{"href":"https:\/\/www.prefektidurres.gov.al\/index.php\/wp-json\/wp\/v2\/posts\/1764","targetHints":{"allow":["GET"]}}],"collection":[{"href":"https:\/\/www.prefektidurres.gov.al\/index.php\/wp-json\/wp\/v2\/posts"}],"about":[{"href":"https:\/\/www.prefektidurres.gov.al\/index.php\/wp-json\/wp\/v2\/types\/post"}],"author":[{"embeddable":true,"href":"https:\/\/www.prefektidurres.gov.al\/index.php\/wp-json\/wp\/v2\/users\/2"}],"replies":[{"embeddable":true,"href":"https:\/\/www.prefektidurres.gov.al\/index.php\/wp-json\/wp\/v2\/comments?post=1764"}],"version-history":[{"count":1,"href":"https:\/\/www.prefektidurres.gov.al\/index.php\/wp-json\/wp\/v2\/posts\/1764\/revisions"}],"predecessor-version":[{"id":1766,"href":"https:\/\/www.prefektidurres.gov.al\/index.php\/wp-json\/wp\/v2\/posts\/1764\/revisions\/1766"}],"wp:featuredmedia":[{"embeddable":true,"href":"https:\/\/www.prefektidurres.gov.al\/index.php\/wp-json\/wp\/v2\/media\/1765"}],"wp:attachment":[{"href":"https:\/\/www.prefektidurres.gov.al\/index.php\/wp-json\/wp\/v2\/media?parent=1764"}],"wp:term":[{"taxonomy":"category","embeddable":true,"href":"https:\/\/www.prefektidurres.gov.al\/index.php\/wp-json\/wp\/v2\/categories?post=1764"},{"taxonomy":"post_tag","embeddable":true,"href":"https:\/\/www.prefektidurres.gov.al\/index.php\/wp-json\/wp\/v2\/tags?post=1764"}],"curies":[{"name":"wp","href":"https:\/\/api.w.org\/{rel}","templated":true}]}}