{"id":1568,"date":"2019-02-12T01:52:52","date_gmt":"2019-02-12T00:52:52","guid":{"rendered":"https:\/\/www.prefektidurres.gov.al\/?p=1568"},"modified":"2019-02-12T01:55:45","modified_gmt":"2019-02-12T00:55:45","slug":"analiza-vjetore-2018-e-luftes-kunder-kanabisit","status":"publish","type":"post","link":"https:\/\/www.prefektidurres.gov.al\/index.php\/2019\/02\/12\/analiza-vjetore-2018-e-luftes-kunder-kanabisit\/","title":{"rendered":"Analiza Vjetore  2018 e luft\u00ebs kund\u00ebr Kanabisit"},"content":{"rendered":"<p>Sot m\u00eb dat\u00eb 11.02.2018, n\u00eb sall\u00ebn e mbledhjeve t\u00eb institucionit t\u00eb Prefektit t\u00eb Qarkut Durr\u00ebs, u zhvillua Analiza vjetore 2018 p\u00ebr luft\u00ebn kund\u00ebr Kanabisit. N\u00eb mbledhje mori pjes\u00eb Zv\/Ministrja e Brendshme Znj. Rovena Voda si dhe t\u00eb gjith\u00eb drejtor\u00ebt rajonal\u00eb dhe p\u00ebrfaq\u00ebsuesit e bashkive, an\u00ebtar\u00eb t\u00eb Task-Forc\u00ebs Vendore kund\u00ebr Kanabisit.<\/p>\n<p>N\u00eb brifingun e p\u00ebrgatitur nga Prefekti i Durr\u00ebsit u pasqyrua puna e b\u00ebr\u00eb gjat\u00eb vitit 2018, duke e krahasuar me at\u00eb t\u00eb vitit 2017, si n\u00eb zbatimin e planit t\u00eb veprimit kund\u00ebr kultivimit dhe&nbsp; trafikimit t\u00eb kanabisit p\u00ebr vitin 2018, n\u00eb realizimin e objektivave, n\u00eb sensibilizimin, parandalimin, gjetjet dhe goditjet.<\/p>\n<p>Duke krahasuar me vitin 2017, p\u00ebr vitin 2018 n\u00eb drejtim t\u00eb gjetjeve dhe goditjes ulja \u00ebsht\u00eb e konsiderueshme.<\/p>\n<p>Rastet e kultivimit jan\u00eb gjetur dhe goditur kryesisht n\u00eb bashkin\u00eb Kruj\u00eb dhe konkretisht n\u00eb Nj.Adm Cudhi dhe Nik\u00ebl.<\/p>\n<p>N\u00eb Analiz\u00ebn Vjetore nga Prefekti u theksua q\u00eb Task-Forca Vendore t\u00eb kryej\u00eb m\u00eb mir\u00eb detyrat n\u00eb terren, t\u00eb bashk\u00ebpunoj\u00eb m\u00eb mir\u00eb me Policin\u00eb Vendore, me strukturat vendore n\u00eb terren, mbledhjen dhe p\u00ebrcjelljen e informacioneve si dhe ndjekjen e tyre n\u00eb funksion t\u00eb goditjes s\u00eb veprimtarive t\u00eb paligjshme n\u00eb fush\u00ebn e kanabisit.<\/p>\n<p>Zv\/Ministrja Znj. Rovena Voda n\u00eb fjal\u00ebn e saj vuri theksin n\u00eb p\u00ebrcaktimin e detyrave&nbsp; t\u00eb \u00e7do institucioni t\u00eb Task-Forc\u00ebs Vendor, shk\u00ebmbimin e informacionit&nbsp; midis tyre dhe Nj\u00ebsive t\u00eb Vet\u00ebqeverisjes Vendore. Informacioni t\u00eb jet\u00eb n\u00eb koh\u00eb, lidhur me verifikimet e kryera, gjetjet nga verifikimet etj. T\u00eb k\u00ebmb\u00ebngulim t\u00eb gjith\u00eb s\u00eb bashku p\u00ebr sensibilizimin e popullat\u00ebs. T\u00eb rritet niveli i bashk\u00ebpunimit me Drejtorin\u00eb Vendore t\u00eb Policis\u00eb dhe toleranca n\u00eb luft\u00ebn kund\u00ebr kanabisit p\u00ebr k\u00ebt\u00eb vit t\u00eb jet\u00eb 0.<\/p>\n<p>N\u00eb mbyllje, Znj. Voda falenderoi t\u00eb pranishmit duke i uruar p\u00ebr pun\u00ebn e mir\u00eb e t\u00eb palodhur t\u00eb b\u00ebr\u00eb gjat\u00eb vitit 2018 n\u00eb drejtim t\u00eb luft\u00ebs kund\u00ebr kultivimit dhe trafikimit t\u00eb kanabisit, n\u00eb ve\u00e7anti pun\u00ebn e b\u00ebr\u00eb nga Drejtoria Vendore e Policis\u00eb s\u00eb Qarkut Durr\u00ebs.<\/p>\n<p>N\u00eb p\u00ebrfundim t\u00eb Analiz\u00ebs u caktuan detyra konkrete p\u00ebr vitin 2019 n\u00eb zbatim t\u00eb Planit t\u00eb Veprimit kund\u00ebr kultivimit dhe trafikimit t\u00eb kanabisit 2017-2020.<\/p>\n<p><img fetchpriority=\"high\" decoding=\"async\" class=\"alignnone size-full wp-image-1569\" src=\"https:\/\/www.prefektidurres.gov.al\/wp-content\/uploads\/2019\/02\/WhatsApp-Image-2019-02-11-at-12.35.43-PM-1.jpeg\" alt=\"\" width=\"1140\" height=\"662\" srcset=\"https:\/\/www.prefektidurres.gov.al\/wp-content\/uploads\/2019\/02\/WhatsApp-Image-2019-02-11-at-12.35.43-PM-1.jpeg 1140w, https:\/\/www.prefektidurres.gov.al\/wp-content\/uploads\/2019\/02\/WhatsApp-Image-2019-02-11-at-12.35.43-PM-1-300x174.jpeg 300w, https:\/\/www.prefektidurres.gov.al\/wp-content\/uploads\/2019\/02\/WhatsApp-Image-2019-02-11-at-12.35.43-PM-1-768x446.jpeg 768w, https:\/\/www.prefektidurres.gov.al\/wp-content\/uploads\/2019\/02\/WhatsApp-Image-2019-02-11-at-12.35.43-PM-1-1024x595.jpeg 1024w\" sizes=\"(max-width: 1140px) 100vw, 1140px\" \/><img decoding=\"async\" class=\"alignnone size-full wp-image-1570\" src=\"https:\/\/www.prefektidurres.gov.al\/wp-content\/uploads\/2019\/02\/WhatsApp-Image-2019-02-11-at-12.35.43-PM.jpeg\" alt=\"\" width=\"1280\" height=\"720\" srcset=\"https:\/\/www.prefektidurres.gov.al\/wp-content\/uploads\/2019\/02\/WhatsApp-Image-2019-02-11-at-12.35.43-PM.jpeg 1280w, https:\/\/www.prefektidurres.gov.al\/wp-content\/uploads\/2019\/02\/WhatsApp-Image-2019-02-11-at-12.35.43-PM-300x169.jpeg 300w, https:\/\/www.prefektidurres.gov.al\/wp-content\/uploads\/2019\/02\/WhatsApp-Image-2019-02-11-at-12.35.43-PM-768x432.jpeg 768w, https:\/\/www.prefektidurres.gov.al\/wp-content\/uploads\/2019\/02\/WhatsApp-Image-2019-02-11-at-12.35.43-PM-1024x576.jpeg 1024w\" sizes=\"(max-width: 1280px) 100vw, 1280px\" \/><\/p>\n","protected":false},"excerpt":{"rendered":"<p>Sot m\u00eb dat\u00eb 11.02.2018, n\u00eb sall\u00ebn e mbledhjeve t\u00eb institucionit t\u00eb Prefektit t\u00eb Qarkut Durr\u00ebs, u zhvillua Analiza vjetore 2018 p\u00ebr luft\u00ebn kund\u00ebr Kanabisit. N\u00eb mbledhje mori pjes\u00eb Zv\/Ministrja e Brendshme Znj. Rovena Voda si dhe t\u00eb gjith\u00eb drejtor\u00ebt rajonal\u00eb dhe p\u00ebrfaq\u00ebsuesit e bashkive, an\u00ebtar\u00eb t\u00eb Task-Forc\u00ebs Vendore kund\u00ebr Kanabisit. N\u00eb brifingun e p\u00ebrgatitur nga&#8230;<\/p>\n","protected":false},"author":1,"featured_media":1571,"comment_status":"open","ping_status":"open","sticky":false,"template":"","format":"standard","meta":{"footnotes":""},"categories":[45],"tags":[],"class_list":["post-1568","post","type-post","status-publish","format-standard","has-post-thumbnail","hentry","category-aktivitete"],"aioseo_notices":[],"_links":{"self":[{"href":"https:\/\/www.prefektidurres.gov.al\/index.php\/wp-json\/wp\/v2\/posts\/1568","targetHints":{"allow":["GET"]}}],"collection":[{"href":"https:\/\/www.prefektidurres.gov.al\/index.php\/wp-json\/wp\/v2\/posts"}],"about":[{"href":"https:\/\/www.prefektidurres.gov.al\/index.php\/wp-json\/wp\/v2\/types\/post"}],"author":[{"embeddable":true,"href":"https:\/\/www.prefektidurres.gov.al\/index.php\/wp-json\/wp\/v2\/users\/1"}],"replies":[{"embeddable":true,"href":"https:\/\/www.prefektidurres.gov.al\/index.php\/wp-json\/wp\/v2\/comments?post=1568"}],"version-history":[{"count":2,"href":"https:\/\/www.prefektidurres.gov.al\/index.php\/wp-json\/wp\/v2\/posts\/1568\/revisions"}],"predecessor-version":[{"id":1573,"href":"https:\/\/www.prefektidurres.gov.al\/index.php\/wp-json\/wp\/v2\/posts\/1568\/revisions\/1573"}],"wp:featuredmedia":[{"embeddable":true,"href":"https:\/\/www.prefektidurres.gov.al\/index.php\/wp-json\/wp\/v2\/media\/1571"}],"wp:attachment":[{"href":"https:\/\/www.prefektidurres.gov.al\/index.php\/wp-json\/wp\/v2\/media?parent=1568"}],"wp:term":[{"taxonomy":"category","embeddable":true,"href":"https:\/\/www.prefektidurres.gov.al\/index.php\/wp-json\/wp\/v2\/categories?post=1568"},{"taxonomy":"post_tag","embeddable":true,"href":"https:\/\/www.prefektidurres.gov.al\/index.php\/wp-json\/wp\/v2\/tags?post=1568"}],"curies":[{"name":"wp","href":"https:\/\/api.w.org\/{rel}","templated":true}]}}