{"id":1152,"date":"2018-02-14T14:29:24","date_gmt":"2018-02-14T13:29:24","guid":{"rendered":"https:\/\/www.prefektidurres.gov.al\/?p=1152"},"modified":"2018-02-26T14:57:41","modified_gmt":"2018-02-26T13:57:41","slug":"analiza-vjetore-e-institucioniit-te-prefektit-te-qarkut-durres","status":"publish","type":"post","link":"https:\/\/www.prefektidurres.gov.al\/index.php\/2018\/02\/14\/analiza-vjetore-e-institucioniit-te-prefektit-te-qarkut-durres\/","title":{"rendered":"Analiza Vjetore e Institucioniit t\u00eb Prefektit t\u00eb Qarkut Durr\u00ebs."},"content":{"rendered":"<p>M\u00eb dat\u00eb 14.02.2018, \u00ebsht\u00eb zhvilluar\u00a0analiza\u00a0e pun\u00ebs 1-vje\u00e7are e Institucioniit t\u00eb Prefektit t\u00eb Qarkut Durr\u00ebs. Analiza vjetore u hap me fjal\u00ebn pr\u00ebsh\u00ebndet\u00ebse t\u00eb Prefektit z. Roland Nasto i cili falenderoj stafin e tij p\u00ebr angazhimin \u00a0e \u00a0tyre\u00a0 maksimal n\u00eb realizimin e detyrave t\u00eb ngarkuara. U b\u00eb nj\u00eb pasqyr\u00eb e plot\u00eb e pun\u00ebs s\u00eb t\u00eb gjith\u00eb sektor\u00ebve t\u00eb Prefektur\u00ebs n\u00eb lidhje me zbatimin dhe realizimin e objektivave t\u00eb vendosura n\u00eb fillim t\u00eb vitit. U theksua angazhimi i punonj\u00ebsve n\u00eb zbatimin e detyrave n\u00eb baz\u00eb t\u00eb Ligjit t\u00eb Prefektit, nj\u00eb v\u00ebm\u00ebndje e ve\u00e7ant\u00eb ju kushtua dob\u00ebsive t\u00eb shfaqura t\u00eb cilat meritojn\u00eb nj\u00eb p\u00ebrkujdesje n\u00eb p\u00ebrmir\u00ebsimin dhe rritjen e performanc\u00ebs n\u00eb mardh\u00ebnie me qytetar\u00ebt dhe zgjidhjen e problemeve t\u00eb konstatuara. Viti q\u00eb mbyll\u00ebm, natyrsh\u00ebm na vendosi p\u00ebrpara sfidave, p\u00ebrballimi i t\u00eb cilave k\u00ebrkoi:\u00a0 Drejtim, Administrim, Manaxhim, Implementim dhe Kapitale njer\u00ebzore t\u00eb mjaftueshme dhe t\u00eb domosdoshme ve\u00e7an\u00ebrisht n\u00eb p\u00ebrballimin e emergjencave civile dhe n\u00eb vazhdimin e ndihm\u00ebs ndaj familjeve t\u00eb prekura. Edhe n\u00eb t\u00eb ardhmen, sfida jon\u00eb e p\u00ebrhershme do t\u00eb vijoj\u00eb t\u00eb mbetet arritja dhe ruajtja e standardeve\u00a0n\u00eb p\u00ebrmbushjen e objektivave t\u00eb vendosura nga Qeveria Shqiptare.<\/p>\n<p><strong><em><u>Gjat\u00eb vitit 2017 institucioni i Prefektit t\u00eb Qarkut Durr\u00ebs e ka p\u00ebrq\u00ebndruar pun\u00ebn e tij n\u00eb k\u00ebto prioritete kryesore:<\/u><\/em><\/strong><\/p>\n<ul>\n<li>P\u00ebrforcimi i urave lidh\u00ebse mes institucionit t\u00eb Prefektit dhe komunitetit me q\u00ebllim rritjen e cil\u00ebsis\u00eb s\u00eb sh\u00ebrbimeve ndaj qytetar\u00ebve.<\/li>\n<li>Rritja e bashk\u00ebpunimit nd\u00ebrmjet institucionit t\u00eb Prefektit, Deg\u00ebve territoriale dhe Bashkive\u00a0 si institucione ligjzbatuese.<\/li>\n<li>P\u00ebrmir\u00ebsimi i standarteve t\u00eb bashk\u00ebpunimit dhe gadishm\u00ebrise me q\u00ebllim menaxhimin e Emergjencave Civile dhe krizave n\u00eb Qarkun Durr\u00ebs.<\/li>\n<li>Koordinimi i pun\u00ebs p\u00ebr \u00e7\u00ebshtje t\u00eb zhvillimit urban, turizmit dhe mbrojtjes s\u00eb mjedisit p\u00ebr Qarkun Durr\u00ebs.<\/li>\n<li>Zbatimi i ligjit n\u00eb t\u00eb gjitha hallkat e veprimtaris\u00eb s\u00eb institucionit t\u00eb Prefektit.<\/li>\n<li>Rritja e gam\u00ebs dhe cil\u00ebsis\u00eb s\u00eb bashk\u00ebpunimeve dhe koordinimit t\u00eb veprimtarive me institucionet publike qendrore e lokale si dhe me operator\u00ebt privat\u00eb dhe shoq\u00ebrin\u00eb civile.<\/li>\n<li>Ngritja e kapaciteteve t\u00eb punonj\u00ebsve n\u00eb t\u00eb gjitha hallkat e Institucionit te Prefektit.<\/li>\n<li>Zhvillimi i q\u00ebndruesh\u00ebm ekonomik i rajonit e sidomos n\u00eb drejtim t\u00eb sektorit t\u00eb turizmit, mbrojtja e mjedisit dhe implementimi i nismave p\u00ebr zgjerimin e sip\u00ebrfaqeve t\u00eb gjelb\u00ebruara.<\/li>\n<\/ul>\n<p><strong>\u00a0<em><u>Gjat\u00eb Analiz\u00ebs u b\u00eb dhe p\u00ebrcaktimi i objektivave\u00a0 p\u00ebr vitin 2018<\/u><\/em><\/strong><\/p>\n<ul>\n<li>Ndjekja e problemeve n\u00eb qark, n\u00eb ekuilb\u00ebr t\u00eb plot\u00eb dhe ndarje sa m\u00eb t\u00eb qart\u00eb t\u00eb p\u00ebrgjegj\u00ebsive me qeverisjen vendore.<\/li>\n<li>P\u00ebrforcimi i urave lidh\u00ebse mes institucionit t\u00eb Prefektit dhe komunitetit me q\u00ebllim rritjen e cil\u00ebsis\u00eb s\u00eb <strong>sh\u00ebrbimeve ndaj qytetar\u00ebve<\/strong>.<\/li>\n<li>Ndjekja, monitorimi dhe koordinimi i pun\u00ebs s\u00eb Task Forc\u00ebs vendore n\u00eb aksionin p\u00ebr pastrimin e rrjetit t\u00eb <strong>uj\u00ebsjell\u00ebsit<\/strong> nga lidhjet e paligjshme, p\u00ebr pajisjen e subjekteve me mat\u00ebs, p\u00ebr mbledhjen apo trajtimin n\u00eb vazhdim t\u00eb detyrimeve t\u00eb prapambetura, rritjen e ark\u00ebtimeve n\u00eb nivele jo m\u00eb pak se normat e lejuara duke minimizuar sa m\u00eb shum\u00eb humbjet n\u00eb k\u00ebt\u00eb fush\u00eb.<\/li>\n<li>Me synimin p\u00ebr t\u00eb arritur nj\u00eb <strong>turiz\u00ebm <\/strong>gjith\u00ebvjetor, k\u00ebt\u00eb vit do t\u00eb rritet mobilizimi i t\u00eb gjith\u00eb aktor\u00ebve publik dhe privat q\u00eb merren me turizmin. Kjo n\u00eb funksion dhe mb\u00ebshtetje t\u00eb Komitetit Rajonal t\u00eb Turizmit q\u00eb drejtohet nga Prefekti dhe Task Forcave t\u00eb ndryshme q\u00eb funksionojn\u00eb n\u00eb k\u00ebt\u00eb drejtim.<\/li>\n<li>N\u00eb vazhdim t\u00eb reformave t\u00eb r\u00ebnd\u00ebsishme <strong>n\u00eb arsim<\/strong> do t\u00eb punohet\u00a0 p\u00ebr nj\u00eb sistem arsimor efi\u00e7ent, i cili krijon mund\u00ebsi t\u00eb barabarta p\u00ebr shkollim cil\u00ebsor t\u00eb t\u00eb gjith\u00eb f\u00ebmij\u00ebve, pavar\u00ebsisht origjin\u00ebs, gjinis\u00eb, vendbanimit dhe t\u00eb ardhurave. Gjat\u00eb k\u00ebtij viti do t\u00eb vazhdoj\u00eb puna jon\u00eb n\u00eb zbatim t\u00eb Urdh\u00ebrit tre ministror \u201cIdentifikimin dhe Regjistrimin n\u00eb shkoll\u00eb t\u00eb t\u00eb gjith\u00eb f\u00ebmijeve t\u00eb mosh\u00ebs s\u00eb detyrimit shkollor\u201d. N\u00eb drejtim t\u00eb arsimit nj\u00eb v\u00ebmendje do ti kushtohet problematik\u00ebs infrastrukturore t\u00eb shkollave n\u00eb qarkun Durr\u00ebs.<\/li>\n<li><em>N<\/em>djekja e \u00e7\u00ebshtjeve dhe problematikave t\u00eb <strong>mjedisit<\/strong>, kryesisht n\u00eb drejtim t\u00eb mbetjeve urbane, venddepozitimeve, pikave t\u00eb nxehta t\u00eb ndotjeve n\u00eb t\u00eb gjith\u00eb territorin e qarkut, aksioneve t\u00eb pastrimit dhe gjelb\u00ebrimit n\u00eb bashk\u00ebpunim me Ministrin\u00eb e Turizmit dhe Mjedisit si dhe t\u00eb gjith\u00eb aktor\u00ebve vendor.<\/li>\n<li>Parandalimi dhe shkat\u00ebrrimi i ciklit t\u00eb kultivimit t\u00eb kanabisit q\u00eb n\u00eb filles\u00ebn e tij, n\u00eb zbatim t\u00eb Vendim t\u00eb K\u00ebshillit t\u00eb Ministrave Nr. 248, dat\u00eb 29.3.2017 P\u00ebr miratimin e Planit t\u00eb Veprimit kund\u00ebr Kultivimit dhe Trafikimit <strong>t\u00eb Kanabisit<\/strong> 2017 \u20132020\u201d.<\/li>\n<li>Luft\u00eb pa kompromis kund\u00ebr <strong>trafikimit t\u00eb qenieve njer\u00ebzore <\/strong>n\u00ebprmjet forcimit t\u00eb rolit t\u00eb Komitetit Rajonal Antittrafik dhe zbatimit t\u00eb Planit t\u00eb Veprimit t\u00eb KRAT p\u00ebr vitin 2018.<\/li>\n<li>P\u00ebrmir\u00ebsimi i standarteve t\u00eb struktur\u00ebs t\u00eb Emergjencave Civile n\u00eb Qark, bashk\u00ebpunimit dhe gadishm\u00ebrise me q\u00ebllim menaxhimin <strong>e Emergjencave Civile dhe krizave\u00a0<\/strong>\u00a0n\u00eb Qark.<img fetchpriority=\"high\" decoding=\"async\" class=\"alignnone wp-image-1154\" src=\"https:\/\/www.prefektidurres.gov.al\/wp-content\/uploads\/2018\/02\/av1-300x225.jpg\" alt=\"\" width=\"300\" height=\"225\" srcset=\"https:\/\/www.prefektidurres.gov.al\/wp-content\/uploads\/2018\/02\/av1-300x225.jpg 300w, https:\/\/www.prefektidurres.gov.al\/wp-content\/uploads\/2018\/02\/av1-768x576.jpg 768w, https:\/\/www.prefektidurres.gov.al\/wp-content\/uploads\/2018\/02\/av1.jpg 1000w\" sizes=\"(max-width: 300px) 100vw, 300px\" \/><\/li>\n<\/ul>\n<p>&nbsp;<\/p>\n<p>&nbsp;<\/p>\n<p>&nbsp;<\/p>\n","protected":false},"excerpt":{"rendered":"<p>M\u00eb dat\u00eb 14.02.2018, \u00ebsht\u00eb zhvilluar\u00a0analiza\u00a0e pun\u00ebs 1-vje\u00e7are e Institucioniit t\u00eb Prefektit t\u00eb Qarkut Durr\u00ebs. Analiza vjetore u hap me fjal\u00ebn pr\u00ebsh\u00ebndet\u00ebse t\u00eb Prefektit z. Roland Nasto i cili falenderoj stafin e tij p\u00ebr angazhimin \u00a0e \u00a0tyre\u00a0 maksimal n\u00eb realizimin e detyrave t\u00eb ngarkuara. U b\u00eb nj\u00eb pasqyr\u00eb e plot\u00eb e pun\u00ebs s\u00eb t\u00eb gjith\u00eb sektor\u00ebve&#8230;<\/p>\n","protected":false},"author":2,"featured_media":1156,"comment_status":"open","ping_status":"open","sticky":false,"template":"","format":"standard","meta":{"footnotes":""},"categories":[45],"tags":[],"class_list":["post-1152","post","type-post","status-publish","format-standard","has-post-thumbnail","hentry","category-aktivitete"],"aioseo_notices":[],"_links":{"self":[{"href":"https:\/\/www.prefektidurres.gov.al\/index.php\/wp-json\/wp\/v2\/posts\/1152","targetHints":{"allow":["GET"]}}],"collection":[{"href":"https:\/\/www.prefektidurres.gov.al\/index.php\/wp-json\/wp\/v2\/posts"}],"about":[{"href":"https:\/\/www.prefektidurres.gov.al\/index.php\/wp-json\/wp\/v2\/types\/post"}],"author":[{"embeddable":true,"href":"https:\/\/www.prefektidurres.gov.al\/index.php\/wp-json\/wp\/v2\/users\/2"}],"replies":[{"embeddable":true,"href":"https:\/\/www.prefektidurres.gov.al\/index.php\/wp-json\/wp\/v2\/comments?post=1152"}],"version-history":[{"count":4,"href":"https:\/\/www.prefektidurres.gov.al\/index.php\/wp-json\/wp\/v2\/posts\/1152\/revisions"}],"predecessor-version":[{"id":1166,"href":"https:\/\/www.prefektidurres.gov.al\/index.php\/wp-json\/wp\/v2\/posts\/1152\/revisions\/1166"}],"wp:featuredmedia":[{"embeddable":true,"href":"https:\/\/www.prefektidurres.gov.al\/index.php\/wp-json\/wp\/v2\/media\/1156"}],"wp:attachment":[{"href":"https:\/\/www.prefektidurres.gov.al\/index.php\/wp-json\/wp\/v2\/media?parent=1152"}],"wp:term":[{"taxonomy":"category","embeddable":true,"href":"https:\/\/www.prefektidurres.gov.al\/index.php\/wp-json\/wp\/v2\/categories?post=1152"},{"taxonomy":"post_tag","embeddable":true,"href":"https:\/\/www.prefektidurres.gov.al\/index.php\/wp-json\/wp\/v2\/tags?post=1152"}],"curies":[{"name":"wp","href":"https:\/\/api.w.org\/{rel}","templated":true}]}}