{"id":1142,"date":"2018-02-13T15:24:03","date_gmt":"2018-02-13T14:24:03","guid":{"rendered":"https:\/\/www.prefektidurres.gov.al\/?p=1142"},"modified":"2018-02-28T12:43:42","modified_gmt":"2018-02-28T11:43:42","slug":"sot-date-13-02-2018-ne-institucionin-e-prefektit-te-qarkut-u-zhvillua-analiza-vjetore-e-krat-komitetit-rajonal-antitrafik","status":"publish","type":"post","link":"https:\/\/www.prefektidurres.gov.al\/index.php\/2018\/02\/13\/sot-date-13-02-2018-ne-institucionin-e-prefektit-te-qarkut-u-zhvillua-analiza-vjetore-e-krat-komitetit-rajonal-antitrafik\/","title":{"rendered":"Sot Dat\u00eb 13.02.2018 n\u00eb Institucionin e Prefektit t\u00eb Qarkut Durr\u00ebs u zhvillua Analiza Vjetore e KRAT (Komitetit Rajonal Antitrafik)."},"content":{"rendered":"<p>Sot n\u00eb Institucionin e Prefektit t\u00eb Qarkut u zhvillua Analiza Vjetore e KRAT (Komitetit Rajonal Antitrafik). Koordinatori i P\u00ebrgjithsh\u00ebm Z. Shyqyri Ballgjini n\u00eb rolin e\u00a0Kryetarit t\u00eb tryez\u00ebs teknike \u00a0b\u00ebri nj\u00eb p\u00ebrmbledhje t\u00eb raportit vjetor.\u00a0 Ky raport vjetor p\u00ebrmbante informacion si p\u00ebr arritjet, problematikat e hasura n\u00eb zbatimin e objektivave t\u00eb parashikuara n\u00eb Strategjin\u00eb kund\u00ebr Trafikimit t\u00eb Personave, ashtu dhe p\u00ebr sfidat n\u00eb gjetjen e zgjidhjeve\u00a0 p\u00ebr zhdukjen e k\u00ebtij fenomeni i cili \u00ebsht\u00eb hartuar mbi baz\u00ebn e nj\u00eb angazhimi maksimal t\u00eb strukturave an\u00ebtere, informacioneve dhe pun\u00ebs\u00a0 vjetore t\u00eb p\u00ebrbashket. Raporti \u00ebsht\u00eb produkti i nj\u00eb pune n\u00eb grup, ku pa informacionin e marr\u00eb nga t\u00eb gjith\u00eb aktor\u00ebt e p\u00ebrfshir\u00eb, nuk do t\u00eb kishim k\u00ebt\u00eb pamje t\u00eb qart\u00eb t\u00eb veprimeve t\u00eb nd\u00ebrmarra, jo vet\u00ebm n\u00eb drejtim t\u00eb luft\u00ebs\u00a0 por\u00a0 dhe n\u00eb drejtim t\u00eb parandalimit t\u00eb trafikimit t\u00eb q\u00ebnieve njer\u00ebzore. T\u00eb gjitha arritjet n\u00eb fush\u00ebn e trafikimit dhe progresi i b\u00ebr\u00eb n\u00eb k\u00ebt\u00eb drejtim kan\u00eb pasur mb\u00ebshtetjen e vazhdueshme t\u00eb Institucionit t\u00eb Prefektit t\u00eb Qarkut, i cili\u00a0 ka koordinuar pun\u00ebn n\u00eb nivel rajonal, dhe ka vendosur si nj\u00eb nga prioritetet e misionit t\u00eb tij\u00a0 adresimin e t\u00eb gjith\u00eb problematikave p\u00ebr zgjidhjen dhe parandalimin e k\u00ebtij fenomeni.<\/p>\n<p><em>Gjat\u00eb diskutimit strukturat u p\u00ebrq\u00ebndruan n\u00eb k\u00ebto aspekte:<\/em><\/p>\n<p>&nbsp;<\/p>\n<ul>\n<li>Analiza e rezultateve t\u00eb vitit t\u00eb kaluar.<\/li>\n<li>Prezantimi i planit t\u00eb veprimit p\u00ebr vitin 2018 dhe pasurimi i tij me v\u00ebrejtje dhe sygjerime.<\/li>\n<li>Situata aktuale dhe problematikat kryesore.<\/li>\n<li>Objektivat dhe rekomandimet p\u00ebr vitin 2018.<\/li>\n<\/ul>\n<p>Nj\u00eb v\u00ebm\u00ebndje t\u00eb ve\u00e7ant\u00eb n\u00eb k\u00ebt\u00eb takim mori problemi i f\u00ebmijeve n\u00eb situat\u00eb\u00a0 rruge i cili n\u00eb muajt e ver\u00ebs p\u00ebrb\u00ebn nj\u00eb shqet\u00ebsim p\u00ebr komunitetin ton\u00eb. Bashkia Durr\u00ebs po p\u00ebrpiqet p\u00ebr ngritjen e nj\u00eb q\u00ebndre ditore p\u00ebr dh\u00ebnien e sh\u00ebrbimeve ndaj k\u00ebtyre f\u00ebmij\u00ebve. Gjithashtu u diskutua p\u00ebr organizimin e nj\u00eb takimi me NJMF-t\u00eb (Nj\u00ebsite e Mbrojtjes s\u00eb f\u00ebmij\u00ebve) n\u00eb Bashkit\u00eb nga t\u00eb cilat vijn\u00eb k\u00ebta f\u00ebmij\u00eb. N\u00eb fund t\u00eb takimit u miratua plan-veprimi i luft\u00ebs kund\u00ebr trafikimit t\u00eb personave p\u00ebr vitin 2018, si dhe u p\u00ebrcaktuan objektivat q\u00eb konsistojn\u00eb n\u00eb k\u00ebto aspekte:<\/p>\n<p>&nbsp;<\/p>\n<ul>\n<li>Luft\u00eb pa kompromis kund\u00ebr trafikimit t\u00eb personave.<\/li>\n<li>Rritje e numrit t\u00eb identifikimit t\u00eb viktimave t\u00eb trafikimit.<\/li>\n<li>Mbrojtja dhe rehabilitimi i tyre n\u00ebp\u00ebrmjet forcimit t\u00eb rolit t\u00eb KRAT-it.<\/li>\n<li>Parandalimi dhe nd\u00ebrgjegj\u00ebsimi n\u00ebp\u00ebrmjet aktiviteteve sensibilizuese.<\/li>\n<li>T\u00eb k\u00ebt\u00eb nj\u00eb dimension te ri dhe forma te reja duke p\u00ebrfshire dhe mediat lokale.<\/li>\n<li>N\u00eb ve\u00e7anti mbrojtja e f\u00ebmij\u00ebve n\u00ebp\u00ebrmjet rritjes s\u00eb interesimit t\u00eb t\u00eb gjith\u00eb grup moshave, prind\u00ebrve, m\u00ebsuesve, edukator\u00ebve, personelit mjek\u00ebsor p\u00ebr shmangien e rriskut t\u00eb trafikimit t\u00eb f\u00ebmij\u00ebve dhe dhun\u00ebs n\u00eb familje.<\/li>\n<li>T\u00eb forcojm\u00eb bashk\u00ebpunimin dhe rolin e KRAT-it me strukturat tona n\u00eb zonat problematike, me grupet multidisiplinare n\u00eb Kruj\u00eb dhe Shijak duke organizuar nj\u00eb seminar me eksperiencat m\u00eb t\u00eb mira.<\/li>\n<\/ul>\n<p>&nbsp;<\/p>\n<p>&nbsp;<\/p>\n","protected":false},"excerpt":{"rendered":"<p>Sot n\u00eb Institucionin e Prefektit t\u00eb Qarkut u zhvillua Analiza Vjetore e KRAT (Komitetit Rajonal Antitrafik). Koordinatori i P\u00ebrgjithsh\u00ebm Z. Shyqyri Ballgjini n\u00eb rolin e\u00a0Kryetarit t\u00eb tryez\u00ebs teknike \u00a0b\u00ebri nj\u00eb p\u00ebrmbledhje t\u00eb raportit vjetor.\u00a0 Ky raport vjetor p\u00ebrmbante informacion si p\u00ebr arritjet, problematikat e hasura n\u00eb zbatimin e objektivave t\u00eb parashikuara n\u00eb Strategjin\u00eb kund\u00ebr Trafikimit&#8230;<\/p>\n","protected":false},"author":2,"featured_media":1144,"comment_status":"open","ping_status":"open","sticky":false,"template":"","format":"standard","meta":{"footnotes":""},"categories":[45],"tags":[],"class_list":["post-1142","post","type-post","status-publish","format-standard","has-post-thumbnail","hentry","category-aktivitete"],"aioseo_notices":[],"_links":{"self":[{"href":"https:\/\/www.prefektidurres.gov.al\/index.php\/wp-json\/wp\/v2\/posts\/1142","targetHints":{"allow":["GET"]}}],"collection":[{"href":"https:\/\/www.prefektidurres.gov.al\/index.php\/wp-json\/wp\/v2\/posts"}],"about":[{"href":"https:\/\/www.prefektidurres.gov.al\/index.php\/wp-json\/wp\/v2\/types\/post"}],"author":[{"embeddable":true,"href":"https:\/\/www.prefektidurres.gov.al\/index.php\/wp-json\/wp\/v2\/users\/2"}],"replies":[{"embeddable":true,"href":"https:\/\/www.prefektidurres.gov.al\/index.php\/wp-json\/wp\/v2\/comments?post=1142"}],"version-history":[{"count":5,"href":"https:\/\/www.prefektidurres.gov.al\/index.php\/wp-json\/wp\/v2\/posts\/1142\/revisions"}],"predecessor-version":[{"id":1149,"href":"https:\/\/www.prefektidurres.gov.al\/index.php\/wp-json\/wp\/v2\/posts\/1142\/revisions\/1149"}],"wp:featuredmedia":[{"embeddable":true,"href":"https:\/\/www.prefektidurres.gov.al\/index.php\/wp-json\/wp\/v2\/media\/1144"}],"wp:attachment":[{"href":"https:\/\/www.prefektidurres.gov.al\/index.php\/wp-json\/wp\/v2\/media?parent=1142"}],"wp:term":[{"taxonomy":"category","embeddable":true,"href":"https:\/\/www.prefektidurres.gov.al\/index.php\/wp-json\/wp\/v2\/categories?post=1142"},{"taxonomy":"post_tag","embeddable":true,"href":"https:\/\/www.prefektidurres.gov.al\/index.php\/wp-json\/wp\/v2\/tags?post=1142"}],"curies":[{"name":"wp","href":"https:\/\/api.w.org\/{rel}","templated":true}]}}